{"id":941,"date":"2023-09-26T09:18:13","date_gmt":"2023-09-26T09:18:13","guid":{"rendered":"https:\/\/www.villalia.com\/blog\/?p=941"},"modified":"2023-09-26T11:31:39","modified_gmt":"2023-09-26T11:31:39","slug":"feria-del-marisco-o-grove","status":"publish","type":"post","link":"https:\/\/www.villalia.com\/blog\/feria-del-marisco-o-grove\/","title":{"rendered":"Descubre los Sabores del Mar en la Feria del Marisco de O Grove"},"content":{"rendered":"\t\t<div data-elementor-type=\"wp-post\" data-elementor-id=\"941\" class=\"elementor elementor-941\" data-elementor-post-type=\"post\">\n\t\t\t\t\t\t<section class=\"elementor-section elementor-top-section elementor-element elementor-element-20f3e0b elementor-section-boxed elementor-section-height-default elementor-section-height-default\" data-id=\"20f3e0b\" data-element_type=\"section\" data-e-type=\"section\">\n\t\t\t\t\t\t<div class=\"elementor-container elementor-column-gap-default\">\n\t\t\t\t\t<div class=\"elementor-column elementor-col-100 elementor-top-column elementor-element elementor-element-1667f43\" data-id=\"1667f43\" data-element_type=\"column\" data-e-type=\"column\">\n\t\t\t<div class=\"elementor-widget-wrap elementor-element-populated\">\n\t\t\t\t\t\t<div class=\"elementor-element elementor-element-0329ca2 elementor-widget elementor-widget-text-editor\" data-id=\"0329ca2\" data-element_type=\"widget\" data-e-type=\"widget\" data-widget_type=\"text-editor.default\">\n\t\t\t\t<div class=\"elementor-widget-container\">\n\t\t\t\t\t\t\t\t\t<p><span style=\"font-weight: 400;\">La Feria del Marisco de O Grove es uno de los eventos m\u00e1s simb\u00f3licos de Galicia, su historia se remonta a 1960, pero no fue hasta 1963 cuando se celebr\u00f3 su primera edici\u00f3n, siendo ahora una aut\u00e9ntica tradici\u00f3n local.<\/span><\/p>\t\t\t\t\t\t\t\t<\/div>\n\t\t\t\t<\/div>\n\t\t\t\t\t<\/div>\n\t\t<\/div>\n\t\t\t\t\t<\/div>\n\t\t<\/section>\n\t\t\t\t<section class=\"elementor-section elementor-top-section elementor-element elementor-element-a61936f elementor-section-boxed elementor-section-height-default elementor-section-height-default\" data-id=\"a61936f\" data-element_type=\"section\" data-e-type=\"section\">\n\t\t\t\t\t\t<div class=\"elementor-container elementor-column-gap-default\">\n\t\t\t\t\t<div class=\"elementor-column elementor-col-100 elementor-top-column elementor-element elementor-element-1462636\" data-id=\"1462636\" data-element_type=\"column\" data-e-type=\"column\">\n\t\t\t<div class=\"elementor-widget-wrap elementor-element-populated\">\n\t\t\t\t\t\t<div class=\"elementor-element elementor-element-aa5e9fc elementor-widget elementor-widget-heading\" data-id=\"aa5e9fc\" data-element_type=\"widget\" data-e-type=\"widget\" data-widget_type=\"heading.default\">\n\t\t\t\t<div class=\"elementor-widget-container\">\n\t\t\t\t\t<h2 class=\"elementor-heading-title elementor-size-default\">La Feria del Marisco en O Grove<\/h2>\t\t\t\t<\/div>\n\t\t\t\t<\/div>\n\t\t\t\t\t<\/div>\n\t\t<\/div>\n\t\t\t\t\t<\/div>\n\t\t<\/section>\n\t\t\t\t<section class=\"elementor-section elementor-top-section elementor-element elementor-element-451c5ea elementor-section-boxed elementor-section-height-default elementor-section-height-default\" data-id=\"451c5ea\" data-element_type=\"section\" data-e-type=\"section\">\n\t\t\t\t\t\t<div class=\"elementor-container elementor-column-gap-default\">\n\t\t\t\t\t<div class=\"elementor-column elementor-col-50 elementor-top-column elementor-element elementor-element-f224ee3\" data-id=\"f224ee3\" data-element_type=\"column\" data-e-type=\"column\">\n\t\t\t<div class=\"elementor-widget-wrap elementor-element-populated\">\n\t\t\t\t\t\t<div class=\"elementor-element elementor-element-e3f0e32 elementor-widget elementor-widget-image\" data-id=\"e3f0e32\" data-element_type=\"widget\" data-e-type=\"widget\" data-widget_type=\"image.default\">\n\t\t\t\t<div class=\"elementor-widget-container\">\n\t\t\t\t\t\t\t\t\t\t\t\t\t\t\t<img fetchpriority=\"high\" decoding=\"async\" width=\"1080\" height=\"1619\" src=\"https:\/\/www.villalia.com\/blog\/wp-content\/uploads\/2023\/09\/cartel-fiesta-marisco-2023.jpeg\" class=\"attachment-full size-full wp-image-945\" alt=\"Carte Feria del Marisco en O Grove - alquiler vacacional en Pontevedra\" srcset=\"https:\/\/www.villalia.com\/blog\/wp-content\/uploads\/2023\/09\/cartel-fiesta-marisco-2023.jpeg 1080w, https:\/\/www.villalia.com\/blog\/wp-content\/uploads\/2023\/09\/cartel-fiesta-marisco-2023-768x1151.jpeg 768w, https:\/\/www.villalia.com\/blog\/wp-content\/uploads\/2023\/09\/cartel-fiesta-marisco-2023-1025x1536.jpeg 1025w\" sizes=\"(max-width: 1080px) 100vw, 1080px\" \/>\t\t\t\t\t\t\t\t\t\t\t\t\t\t\t<\/div>\n\t\t\t\t<\/div>\n\t\t\t\t\t<\/div>\n\t\t<\/div>\n\t\t\t\t<div class=\"elementor-column elementor-col-50 elementor-top-column elementor-element elementor-element-960c9d9\" data-id=\"960c9d9\" data-element_type=\"column\" data-e-type=\"column\">\n\t\t\t<div class=\"elementor-widget-wrap elementor-element-populated\">\n\t\t\t\t\t\t<div class=\"elementor-element elementor-element-02f0f12 elementor-widget elementor-widget-text-editor\" data-id=\"02f0f12\" data-element_type=\"widget\" data-e-type=\"widget\" data-widget_type=\"text-editor.default\">\n\t\t\t\t<div class=\"elementor-widget-container\">\n\t\t\t\t\t\t\t\t\t<p><span style=\"font-weight: 400;\">Si eres amante de los mariscos y tienes pasi\u00f3n por las experiencias culturales, entonces la \u00abFeria del Marisco\u00bb en O Grove, es un evento que no querr\u00e1s perderte. Este festival de mariscos declarado de inter\u00e9s tur\u00edstico nacional, se celebra anualmente en el encantador pueblo costero de O Grove. Celebra la abundancia del mar a tan s\u00f3lo 1 km de nuestros <a href=\"https:\/\/www.villalia.com\/alquiler\/alquileres-isla-de-la-toja-d462390\/\">apartamentos en la Isla de la Toja<\/a> al m\u00e1s puro estilo gallego, del 5 al 15 de octubre.<\/span><\/p><p><span style=\"font-weight: 400;\">La Feria del Marisco de O Grove es uno de los eventos m\u00e1s esperados del a\u00f1o en esta regi\u00f3n, conocida por su amor por el mar y su excelente cocina. Durante este festival se rinde homenaje a los tesoros que el Atl\u00e1ntico ofrece: mariscos frescos y deliciosos.<\/span><\/p><p><span style=\"color: var( --e-global-color-text ); font-family: var( --e-global-typography-text-font-family ), Sans-serif; background-color: transparent;\">Uno de los aspectos m\u00e1s destacados de esta feria es la gran variedad de mariscos que se exhiben y se sirven. Desde percebes frescos hasta langostas exquisitas, pasando por almejas, ostras y camarones, aqu\u00ed encontrar\u00e1s de todo. Los puestos de comida ofrecen platos preparados con maestr\u00eda que resaltan los sabores naturales de los mariscos, como la empanada de pulpo, el arroz con bogavante y la tradicional caldeirada gallega.<\/span><\/p>\t\t\t\t\t\t\t\t<\/div>\n\t\t\t\t<\/div>\n\t\t\t\t<div class=\"elementor-element elementor-element-53ce856 elementor-widget elementor-widget-image\" data-id=\"53ce856\" data-element_type=\"widget\" data-e-type=\"widget\" data-widget_type=\"image.default\">\n\t\t\t\t<div class=\"elementor-widget-container\">\n\t\t\t\t\t\t\t\t\t\t\t\t\t\t\t<img decoding=\"async\" width=\"751\" height=\"393\" src=\"https:\/\/www.villalia.com\/blog\/wp-content\/uploads\/2023\/09\/Feria-del-Marisco-O-Grove-alquiler-vacacional-pontevedra.png\" class=\"attachment-large size-large wp-image-943\" alt=\"Feria del Marisco O Grove - alquiler vacacional pontevedra\" srcset=\"https:\/\/www.villalia.com\/blog\/wp-content\/uploads\/2023\/09\/Feria-del-Marisco-O-Grove-alquiler-vacacional-pontevedra.png 1200w, https:\/\/www.villalia.com\/blog\/wp-content\/uploads\/2023\/09\/Feria-del-Marisco-O-Grove-alquiler-vacacional-pontevedra-768x402.png 768w\" sizes=\"(max-width: 751px) 100vw, 751px\" \/>\t\t\t\t\t\t\t\t\t\t\t\t\t\t\t<\/div>\n\t\t\t\t<\/div>\n\t\t\t\t\t<\/div>\n\t\t<\/div>\n\t\t\t\t\t<\/div>\n\t\t<\/section>\n\t\t\t\t<section class=\"elementor-section elementor-top-section elementor-element elementor-element-ed003cf elementor-section-boxed elementor-section-height-default elementor-section-height-default\" data-id=\"ed003cf\" data-element_type=\"section\" data-e-type=\"section\">\n\t\t\t\t\t\t<div class=\"elementor-container elementor-column-gap-default\">\n\t\t\t\t\t<div class=\"elementor-column elementor-col-100 elementor-top-column elementor-element elementor-element-dff9d49\" data-id=\"dff9d49\" data-element_type=\"column\" data-e-type=\"column\">\n\t\t\t<div class=\"elementor-widget-wrap elementor-element-populated\">\n\t\t\t\t\t\t<div class=\"elementor-element elementor-element-7a06a32 elementor-widget elementor-widget-heading\" data-id=\"7a06a32\" data-element_type=\"widget\" data-e-type=\"widget\" data-widget_type=\"heading.default\">\n\t\t\t\t<div class=\"elementor-widget-container\">\n\t\t\t\t\t<h2 class=\"elementor-heading-title elementor-size-default\">La Experiencia Cultural<\/h2>\t\t\t\t<\/div>\n\t\t\t\t<\/div>\n\t\t\t\t\t<\/div>\n\t\t<\/div>\n\t\t\t\t\t<\/div>\n\t\t<\/section>\n\t\t\t\t<section class=\"elementor-section elementor-top-section elementor-element elementor-element-56226c2 elementor-section-boxed elementor-section-height-default elementor-section-height-default\" data-id=\"56226c2\" data-element_type=\"section\" data-e-type=\"section\">\n\t\t\t\t\t\t<div class=\"elementor-container elementor-column-gap-default\">\n\t\t\t\t\t<div class=\"elementor-column elementor-col-100 elementor-top-column elementor-element elementor-element-64a2149\" data-id=\"64a2149\" data-element_type=\"column\" data-e-type=\"column\">\n\t\t\t<div class=\"elementor-widget-wrap elementor-element-populated\">\n\t\t\t\t\t\t<div class=\"elementor-element elementor-element-fbe1223 elementor-widget elementor-widget-text-editor\" data-id=\"fbe1223\" data-element_type=\"widget\" data-e-type=\"widget\" data-widget_type=\"text-editor.default\">\n\t\t\t\t<div class=\"elementor-widget-container\">\n\t\t\t\t\t\t\t\t\t<p><span style=\"font-weight: 400;\">Adem\u00e1s de la comida deliciosa, la Feria del Marisco tambi\u00e9n es una oportunidad para sumergirse en la rica cultura gallega. La m\u00fasica tradicional, el baile y las actuaciones en vivo son parte integral del festival. Puedes presenciar grupos locales interpretando m\u00fasica gallega aut\u00e9ntica mientras disfrutas de tu comida. Es un evento familiar por excelencia. Adem\u00e1s de la gastronom\u00eda y la m\u00fasica, ofrece una amplia gama de actividades para ni\u00f1os y adultos por igual. Desde ferias con juegos hasta demostraciones de artesan\u00eda local, hay algo para todos.<\/span><\/p><p><span style=\"font-weight: 400;\">Durante estos d\u00edas tambi\u00e9n podr\u00e1s disfrutar varias actuaciones musicales, aqu\u00ed te dejamos el calendario:<\/span><\/p>\t\t\t\t\t\t\t\t<\/div>\n\t\t\t\t<\/div>\n\t\t\t\t\t<\/div>\n\t\t<\/div>\n\t\t\t\t\t<\/div>\n\t\t<\/section>\n\t\t\t\t<section class=\"elementor-section elementor-top-section elementor-element elementor-element-a92a718 elementor-section-boxed elementor-section-height-default elementor-section-height-default\" data-id=\"a92a718\" data-element_type=\"section\" data-e-type=\"section\">\n\t\t\t\t\t\t<div class=\"elementor-container elementor-column-gap-default\">\n\t\t\t\t\t<div class=\"elementor-column elementor-col-50 elementor-top-column elementor-element elementor-element-f1c2f34\" data-id=\"f1c2f34\" data-element_type=\"column\" data-e-type=\"column\">\n\t\t\t<div class=\"elementor-widget-wrap elementor-element-populated\">\n\t\t\t\t\t\t<div class=\"elementor-element elementor-element-9409a1f elementor-widget elementor-widget-text-editor\" data-id=\"9409a1f\" data-element_type=\"widget\" data-e-type=\"widget\" data-widget_type=\"text-editor.default\">\n\t\t\t\t<div class=\"elementor-widget-container\">\n\t\t\t\t\t\t\t\t\t<p><span style=\"font-weight: 400;\">Jueves 5 oct: \u00b7 Freshki\u00f1os<\/span><\/p><p><span style=\"font-weight: 400;\">Viernes 6 oct: \u00b7 Le\u00efti \u00b7 Dj Payc \u00b7 Djow13<\/span><\/p><p><span style=\"font-weight: 400;\">S\u00e1bado 7 oct: \u00b7 La Casa Azul \u00b7 Dj Permanente<\/span><\/p><p><span style=\"font-weight: 400;\">Domingo 8 oct: \u00b7 Fillas de Cassandra<\/span><\/p><p><span style=\"font-weight: 400;\">Lunes 9 oct: \u00b7 Os Firr\u00e1s<\/span><\/p><p><span style=\"font-weight: 400;\">Martes 10 oct: \u00b7 A Banda do Sequ\u00edo<\/span><\/p><p><span style=\"font-weight: 400;\">Mi\u00e9rcoles 11 oct: \u00b7 Los Vagos \u00b7 Celtas Cortos<\/span><\/p><p><span style=\"font-weight: 400;\">Jueves 12 oct: \u00b7 Cinco en Zocas \u00b7 Ana Moura<\/span><\/p><p><span style=\"font-weight: 400;\">Viernes 13 oct: \u00b7 Pablo Lesuit \u00b7 Sidonie \u00b7 Nanein Dj<\/span><\/p><p><span style=\"font-weight: 400;\">S\u00e1bado 14 oct: \u00b7 Lontreira \u00b7 La La Love You \u00b7 Manu TF<\/span><\/p>\t\t\t\t\t\t\t\t<\/div>\n\t\t\t\t<\/div>\n\t\t\t\t\t<\/div>\n\t\t<\/div>\n\t\t\t\t<div class=\"elementor-column elementor-col-50 elementor-top-column elementor-element elementor-element-25e68bd\" data-id=\"25e68bd\" data-element_type=\"column\" data-e-type=\"column\">\n\t\t\t<div class=\"elementor-widget-wrap elementor-element-populated\">\n\t\t\t\t\t\t<div class=\"elementor-element elementor-element-61603b2 elementor-widget elementor-widget-image\" data-id=\"61603b2\" data-element_type=\"widget\" data-e-type=\"widget\" data-widget_type=\"image.default\">\n\t\t\t\t<div class=\"elementor-widget-container\">\n\t\t\t\t\t\t\t\t\t\t\t\t\t\t\t<img decoding=\"async\" width=\"751\" height=\"751\" src=\"https:\/\/www.villalia.com\/blog\/wp-content\/uploads\/2023\/09\/conciertos-fiesta-del-marisco-2023-768x768.jpeg\" class=\"attachment-medium_large size-medium_large wp-image-952\" alt=\"conciertos-fiesta-del-marisco-2023\" srcset=\"https:\/\/www.villalia.com\/blog\/wp-content\/uploads\/2023\/09\/conciertos-fiesta-del-marisco-2023-768x768.jpeg 768w, https:\/\/www.villalia.com\/blog\/wp-content\/uploads\/2023\/09\/conciertos-fiesta-del-marisco-2023-150x150.jpeg 150w, https:\/\/www.villalia.com\/blog\/wp-content\/uploads\/2023\/09\/conciertos-fiesta-del-marisco-2023-90x90.jpeg 90w, https:\/\/www.villalia.com\/blog\/wp-content\/uploads\/2023\/09\/conciertos-fiesta-del-marisco-2023.jpeg 830w\" sizes=\"(max-width: 751px) 100vw, 751px\" \/>\t\t\t\t\t\t\t\t\t\t\t\t\t\t\t<\/div>\n\t\t\t\t<\/div>\n\t\t\t\t\t<\/div>\n\t\t<\/div>\n\t\t\t\t\t<\/div>\n\t\t<\/section>\n\t\t\t\t<section class=\"elementor-section elementor-top-section elementor-element elementor-element-dba195d elementor-section-boxed elementor-section-height-default elementor-section-height-default\" data-id=\"dba195d\" data-element_type=\"section\" data-e-type=\"section\">\n\t\t\t\t\t\t<div class=\"elementor-container elementor-column-gap-default\">\n\t\t\t\t\t<div class=\"elementor-column elementor-col-100 elementor-top-column elementor-element elementor-element-b24e2b5\" data-id=\"b24e2b5\" data-element_type=\"column\" data-e-type=\"column\">\n\t\t\t<div class=\"elementor-widget-wrap elementor-element-populated\">\n\t\t\t\t\t\t<div class=\"elementor-element elementor-element-52613de elementor-widget elementor-widget-text-editor\" data-id=\"52613de\" data-element_type=\"widget\" data-e-type=\"widget\" data-widget_type=\"text-editor.default\">\n\t\t\t\t<div class=\"elementor-widget-container\">\n\t\t\t\t\t\t\t\t\t<p><span style=\"font-weight: 400;\">La Fiesta del Marisco de O Grove 2023 promete ser una experiencia inolvidable. Con su rica historia, m\u00fasica en vivo, deliciosa gastronom\u00eda y actividades para toda la familia, este evento tiene entretenimiento para todos. Si est\u00e1s buscando una manera \u00fanica de sumergirte en la cultura gallega y disfrutar de los sabores del mar, reserva uno de nuestros alojamientos ahora y no te pierdas esta celebraci\u00f3n. <\/span><\/p>\t\t\t\t\t\t\t\t<\/div>\n\t\t\t\t<\/div>\n\t\t\t\t\t<\/div>\n\t\t<\/div>\n\t\t\t\t\t<\/div>\n\t\t<\/section>\n\t\t\t\t<section class=\"elementor-section elementor-top-section elementor-element elementor-element-19e951d elementor-section-boxed elementor-section-height-default elementor-section-height-default\" data-id=\"19e951d\" data-element_type=\"section\" data-e-type=\"section\">\n\t\t\t\t\t\t<div class=\"elementor-container elementor-column-gap-default\">\n\t\t\t\t\t<div class=\"elementor-column elementor-col-100 elementor-top-column elementor-element elementor-element-3d8500b\" data-id=\"3d8500b\" data-element_type=\"column\" data-e-type=\"column\">\n\t\t\t<div class=\"elementor-widget-wrap elementor-element-populated\">\n\t\t\t\t\t\t<div class=\"elementor-element elementor-element-0e3b0c5 elementor-widget elementor-widget-heading\" data-id=\"0e3b0c5\" data-element_type=\"widget\" data-e-type=\"widget\" data-widget_type=\"heading.default\">\n\t\t\t\t<div class=\"elementor-widget-container\">\n\t\t\t\t\t<h2 class=\"elementor-heading-title elementor-size-default\">ALQUILER VACACIONAL EN ISLA DE LA TOJA<\/h2>\t\t\t\t<\/div>\n\t\t\t\t<\/div>\n\t\t\t\t\t<\/div>\n\t\t<\/div>\n\t\t\t\t\t<\/div>\n\t\t<\/section>\n\t\t\t\t<section class=\"elementor-section elementor-top-section elementor-element elementor-element-143b872 elementor-section-boxed elementor-section-height-default elementor-section-height-default\" data-id=\"143b872\" data-element_type=\"section\" data-e-type=\"section\">\n\t\t\t\t\t\t<div class=\"elementor-container elementor-column-gap-default\">\n\t\t\t\t\t<div class=\"elementor-column elementor-col-33 elementor-top-column elementor-element elementor-element-2f4366a\" data-id=\"2f4366a\" data-element_type=\"column\" data-e-type=\"column\">\n\t\t\t<div class=\"elementor-widget-wrap elementor-element-populated\">\n\t\t\t\t\t\t<div class=\"elementor-element elementor-element-b0dc5f1 elementor--h-position-center elementor--v-position-middle elementor-arrows-position-inside elementor-pagination-position-inside elementor-widget elementor-widget-slides\" data-id=\"b0dc5f1\" data-element_type=\"widget\" data-e-type=\"widget\" data-settings=\"{&quot;navigation&quot;:&quot;both&quot;,&quot;autoplay&quot;:&quot;yes&quot;,&quot;pause_on_hover&quot;:&quot;yes&quot;,&quot;pause_on_interaction&quot;:&quot;yes&quot;,&quot;autoplay_speed&quot;:5000,&quot;infinite&quot;:&quot;yes&quot;,&quot;transition&quot;:&quot;slide&quot;,&quot;transition_speed&quot;:500}\" data-widget_type=\"slides.default\">\n\t\t\t\t<div class=\"elementor-widget-container\">\n\t\t\t\t\t\t\t\t\t<div class=\"elementor-swiper\">\n\t\t\t\t\t<div class=\"elementor-slides-wrapper elementor-main-swiper swiper\" role=\"region\" aria-roledescription=\"carousel\" aria-label=\"Diapositivas\" dir=\"ltr\" data-animation=\"fadeInUp\">\n\t\t\t\t<div class=\"swiper-wrapper elementor-slides\">\n\t\t\t\t\t\t\t\t\t\t<div class=\"elementor-repeater-item-86202f0 swiper-slide\" role=\"group\" aria-roledescription=\"slide\"><div class=\"swiper-slide-bg\" role=\"img\" aria-label=\"VIVIENDA ALQUILER VACACIONAL - ISLA DE LA TOJA\"><\/div><div class=\"elementor-background-overlay\"><\/div><a class=\"swiper-slide-inner\" href=\"https:\/\/www.villalia.com\/alquiler\/apartamento-isla-de-la-toja-vivienda-planta-baja-la-toja-p9-400726.html\" target=\"_blank\"><div class=\"swiper-slide-contents\"><div  class=\"elementor-button elementor-slide-button elementor-size-md\">VIVIENDA LA TOJA<\/div><\/div><\/a><\/div>\t\t\t\t<\/div>\n\t\t\t\t\t\t\t<\/div>\n\t\t\t\t<\/div>\n\t\t\t\t\t\t\t\t<\/div>\n\t\t\t\t<\/div>\n\t\t\t\t\t<\/div>\n\t\t<\/div>\n\t\t\t\t<div class=\"elementor-column elementor-col-33 elementor-top-column elementor-element elementor-element-21c6d57\" data-id=\"21c6d57\" data-element_type=\"column\" data-e-type=\"column\">\n\t\t\t<div class=\"elementor-widget-wrap elementor-element-populated\">\n\t\t\t\t\t\t<div class=\"elementor-element elementor-element-6d98e3f elementor--h-position-center elementor--v-position-middle elementor-arrows-position-inside elementor-pagination-position-inside elementor-widget elementor-widget-slides\" data-id=\"6d98e3f\" data-element_type=\"widget\" data-e-type=\"widget\" data-settings=\"{&quot;navigation&quot;:&quot;both&quot;,&quot;autoplay&quot;:&quot;yes&quot;,&quot;pause_on_hover&quot;:&quot;yes&quot;,&quot;pause_on_interaction&quot;:&quot;yes&quot;,&quot;autoplay_speed&quot;:5000,&quot;infinite&quot;:&quot;yes&quot;,&quot;transition&quot;:&quot;slide&quot;,&quot;transition_speed&quot;:500}\" data-widget_type=\"slides.default\">\n\t\t\t\t<div class=\"elementor-widget-container\">\n\t\t\t\t\t\t\t\t\t<div class=\"elementor-swiper\">\n\t\t\t\t\t<div class=\"elementor-slides-wrapper elementor-main-swiper swiper\" role=\"region\" aria-roledescription=\"carousel\" aria-label=\"Diapositivas\" dir=\"ltr\" data-animation=\"fadeInUp\">\n\t\t\t\t<div class=\"swiper-wrapper elementor-slides\">\n\t\t\t\t\t\t\t\t\t\t<div class=\"elementor-repeater-item-17d1595 swiper-slide\" role=\"group\" aria-roledescription=\"slide\"><div class=\"swiper-slide-bg\" role=\"img\" aria-label=\"ALQUILER VACACIONAL ISLA DE LA TOJA - GALICIA - \u00c1TICO\"><\/div><div class=\"elementor-background-overlay\"><\/div><a class=\"swiper-slide-inner\" href=\"https:\/\/www.villalia.com\/alquiler\/apartamento-isla-de-la-toja-atico-en-isla-de-la-toja-p9-400744.html\" target=\"_blank\"><div class=\"swiper-slide-contents\"><div  class=\"elementor-button elementor-slide-button elementor-size-sm\">\u00c1TICO ISLA DE LA TOJA<\/div><\/div><\/a><\/div>\t\t\t\t<\/div>\n\t\t\t\t\t\t\t<\/div>\n\t\t\t\t<\/div>\n\t\t\t\t\t\t\t\t<\/div>\n\t\t\t\t<\/div>\n\t\t\t\t\t<\/div>\n\t\t<\/div>\n\t\t\t\t<div class=\"elementor-column elementor-col-33 elementor-top-column elementor-element elementor-element-0f44a28\" data-id=\"0f44a28\" data-element_type=\"column\" data-e-type=\"column\">\n\t\t\t<div class=\"elementor-widget-wrap elementor-element-populated\">\n\t\t\t\t\t\t<div class=\"elementor-element elementor-element-88d2b3d elementor--h-position-center elementor--v-position-middle elementor-arrows-position-inside elementor-pagination-position-inside elementor-widget elementor-widget-slides\" data-id=\"88d2b3d\" data-element_type=\"widget\" data-e-type=\"widget\" data-settings=\"{&quot;navigation&quot;:&quot;both&quot;,&quot;autoplay&quot;:&quot;yes&quot;,&quot;pause_on_hover&quot;:&quot;yes&quot;,&quot;pause_on_interaction&quot;:&quot;yes&quot;,&quot;autoplay_speed&quot;:5000,&quot;infinite&quot;:&quot;yes&quot;,&quot;transition&quot;:&quot;slide&quot;,&quot;transition_speed&quot;:500}\" data-widget_type=\"slides.default\">\n\t\t\t\t<div class=\"elementor-widget-container\">\n\t\t\t\t\t\t\t\t\t<div class=\"elementor-swiper\">\n\t\t\t\t\t<div class=\"elementor-slides-wrapper elementor-main-swiper swiper\" role=\"region\" aria-roledescription=\"carousel\" aria-label=\"Diapositivas\" dir=\"ltr\" data-animation=\"fadeInUp\">\n\t\t\t\t<div class=\"swiper-wrapper elementor-slides\">\n\t\t\t\t\t\t\t\t\t\t<div class=\"elementor-repeater-item-672e1aa swiper-slide\" role=\"group\" aria-roledescription=\"slide\"><div class=\"swiper-slide-bg\" role=\"img\" aria-label=\"alquiler vacacional isla de la toja. Chalet isla de la toja\"><\/div><div class=\"elementor-background-overlay\"><\/div><a class=\"swiper-slide-inner\" href=\"https:\/\/www.villalia.com\/alquiler\/chalet-isla-de-la-toja-chalet-en-isla-de-la-toja-400665.html\" target=\"_blank\"><div class=\"swiper-slide-contents\"><div  class=\"elementor-button elementor-slide-button elementor-size-sm\">CHALET ISLA DE LA TOJA<\/div><\/div><\/a><\/div>\t\t\t\t<\/div>\n\t\t\t\t\t\t\t<\/div>\n\t\t\t\t<\/div>\n\t\t\t\t\t\t\t\t<\/div>\n\t\t\t\t<\/div>\n\t\t\t\t\t<\/div>\n\t\t<\/div>\n\t\t\t\t\t<\/div>\n\t\t<\/section>\n\t\t\t\t<section class=\"elementor-section elementor-top-section elementor-element elementor-element-27f7241 elementor-section-boxed elementor-section-height-default elementor-section-height-default\" data-id=\"27f7241\" data-element_type=\"section\" data-e-type=\"section\">\n\t\t\t\t\t\t<div class=\"elementor-container elementor-column-gap-default\">\n\t\t\t\t\t<div class=\"elementor-column elementor-col-100 elementor-top-column elementor-element elementor-element-7a0ee16\" data-id=\"7a0ee16\" data-element_type=\"column\" data-e-type=\"column\">\n\t\t\t<div class=\"elementor-widget-wrap elementor-element-populated\">\n\t\t\t\t\t\t<div class=\"elementor-element elementor-element-ebae0d6 elementor-widget elementor-widget-heading\" data-id=\"ebae0d6\" data-element_type=\"widget\" data-e-type=\"widget\" data-widget_type=\"heading.default\">\n\t\t\t\t<div class=\"elementor-widget-container\">\n\t\t\t\t\t<h2 class=\"elementor-heading-title elementor-size-default\">OTROS DESTINOS DE VILLALIA<\/h2>\t\t\t\t<\/div>\n\t\t\t\t<\/div>\n\t\t\t\t\t<\/div>\n\t\t<\/div>\n\t\t\t\t\t<\/div>\n\t\t<\/section>\n\t\t\t\t<section class=\"elementor-section elementor-top-section elementor-element elementor-element-bbca8b8 elementor-section-boxed elementor-section-height-default elementor-section-height-default\" data-id=\"bbca8b8\" data-element_type=\"section\" data-e-type=\"section\">\n\t\t\t\t\t\t<div class=\"elementor-container elementor-column-gap-default\">\n\t\t\t\t\t<div class=\"elementor-column elementor-col-100 elementor-top-column elementor-element elementor-element-4960b37\" data-id=\"4960b37\" data-element_type=\"column\" data-e-type=\"column\" data-settings=\"{&quot;background_background&quot;:&quot;classic&quot;}\">\n\t\t\t<div class=\"elementor-widget-wrap elementor-element-populated\">\n\t\t\t\t\t\t<div class=\"elementor-element elementor-element-cd7d6ae elementor--h-position-center elementor--v-position-middle elementor-arrows-position-inside elementor-pagination-position-inside elementor-widget elementor-widget-slides\" data-id=\"cd7d6ae\" data-element_type=\"widget\" data-e-type=\"widget\" data-settings=\"{&quot;navigation&quot;:&quot;both&quot;,&quot;autoplay&quot;:&quot;yes&quot;,&quot;pause_on_hover&quot;:&quot;yes&quot;,&quot;pause_on_interaction&quot;:&quot;yes&quot;,&quot;autoplay_speed&quot;:5000,&quot;infinite&quot;:&quot;yes&quot;,&quot;transition&quot;:&quot;slide&quot;,&quot;transition_speed&quot;:500}\" data-widget_type=\"slides.default\">\n\t\t\t\t<div class=\"elementor-widget-container\">\n\t\t\t\t\t\t\t\t\t<div class=\"elementor-swiper\">\n\t\t\t\t\t<div class=\"elementor-slides-wrapper elementor-main-swiper swiper\" role=\"region\" aria-roledescription=\"carousel\" aria-label=\"Diapositivas\" dir=\"ltr\" data-animation=\"fadeInUp\">\n\t\t\t\t<div class=\"swiper-wrapper elementor-slides\">\n\t\t\t\t\t\t\t\t\t\t<div class=\"elementor-repeater-item-41fd3b1 swiper-slide\" role=\"group\" aria-roledescription=\"slide\"><div class=\"swiper-slide-bg\" role=\"img\" aria-label=\"alquiler vacacional en lanzarote\"><\/div><div class=\"elementor-background-overlay\"><\/div><a class=\"swiper-slide-inner\" href=\"https:\/\/www.villalia.com\/\" target=\"_blank\"><div class=\"swiper-slide-contents\"><div  class=\"elementor-button elementor-slide-button elementor-size-xl\">VISITA NUESTROS DESTINOS<\/div><\/div><\/a><\/div>\t\t\t\t<\/div>\n\t\t\t\t\t\t\t<\/div>\n\t\t\t\t<\/div>\n\t\t\t\t\t\t\t\t<\/div>\n\t\t\t\t<\/div>\n\t\t\t\t\t<\/div>\n\t\t<\/div>\n\t\t\t\t\t<\/div>\n\t\t<\/section>\n\t\t\t\t<section class=\"elementor-section elementor-top-section elementor-element elementor-element-373b5bb elementor-section-boxed elementor-section-height-default elementor-section-height-default\" data-id=\"373b5bb\" data-element_type=\"section\" data-e-type=\"section\">\n\t\t\t\t\t\t<div class=\"elementor-container elementor-column-gap-default\">\n\t\t\t\t\t<div class=\"elementor-column elementor-col-50 elementor-top-column elementor-element elementor-element-f84bcdd\" data-id=\"f84bcdd\" data-element_type=\"column\" data-e-type=\"column\">\n\t\t\t<div class=\"elementor-widget-wrap elementor-element-populated\">\n\t\t\t\t\t\t<div class=\"elementor-element elementor-element-6bac694 elementor-widget elementor-widget-image\" data-id=\"6bac694\" data-element_type=\"widget\" data-e-type=\"widget\" data-widget_type=\"image.default\">\n\t\t\t\t<div class=\"elementor-widget-container\">\n\t\t\t\t\t\t\t\t\t\t\t\t\t\t\t\t<a href=\"https:\/\/www.villalia.com\/contacto\/\">\n\t\t\t\t\t\t\t<img loading=\"lazy\" decoding=\"async\" width=\"150\" height=\"50\" src=\"https:\/\/www.villalia.com\/blog\/wp-content\/uploads\/2023\/07\/Avenir-light.png\" class=\"attachment-large size-large wp-image-743\" alt=\"icono contacto villalia\" \/>\t\t\t\t\t\t\t\t<\/a>\n\t\t\t\t\t\t\t\t\t\t\t\t\t\t\t<\/div>\n\t\t\t\t<\/div>\n\t\t\t\t\t<\/div>\n\t\t<\/div>\n\t\t\t\t<div class=\"elementor-column elementor-col-50 elementor-top-column elementor-element elementor-element-7b2c41d\" data-id=\"7b2c41d\" data-element_type=\"column\" data-e-type=\"column\">\n\t\t\t<div class=\"elementor-widget-wrap elementor-element-populated\">\n\t\t\t\t\t\t<div class=\"elementor-element elementor-element-b7232d4 elementor-share-buttons--view-icon elementor-share-buttons--shape-circle elementor-share-buttons--skin-gradient elementor-grid-0 elementor-share-buttons--color-official elementor-widget elementor-widget-share-buttons\" data-id=\"b7232d4\" data-element_type=\"widget\" data-e-type=\"widget\" data-widget_type=\"share-buttons.default\">\n\t\t\t\t<div class=\"elementor-widget-container\">\n\t\t\t\t\t\t\t<div class=\"elementor-grid\" role=\"list\">\n\t\t\t\t\t\t\t\t<div class=\"elementor-grid-item\" role=\"listitem\">\n\t\t\t\t\t\t<div class=\"elementor-share-btn elementor-share-btn_facebook\" role=\"button\" tabindex=\"0\" aria-label=\"Compartir en facebook\">\n\t\t\t\t\t\t\t\t\t\t\t\t\t\t\t<span class=\"elementor-share-btn__icon\">\n\t\t\t\t\t\t\t\t<i class=\"fab fa-facebook\" aria-hidden=\"true\"><\/i>\t\t\t\t\t\t\t<\/span>\n\t\t\t\t\t\t\t\t\t\t\t\t\t\t\t\t\t\t\t\t<\/div>\n\t\t\t\t\t<\/div>\n\t\t\t\t\t\t\t\t\t<div class=\"elementor-grid-item\" role=\"listitem\">\n\t\t\t\t\t\t<div class=\"elementor-share-btn elementor-share-btn_twitter\" role=\"button\" tabindex=\"0\" aria-label=\"Compartir en twitter\">\n\t\t\t\t\t\t\t\t\t\t\t\t\t\t\t<span class=\"elementor-share-btn__icon\">\n\t\t\t\t\t\t\t\t<i class=\"fab fa-twitter\" aria-hidden=\"true\"><\/i>\t\t\t\t\t\t\t<\/span>\n\t\t\t\t\t\t\t\t\t\t\t\t\t\t\t\t\t\t\t\t<\/div>\n\t\t\t\t\t<\/div>\n\t\t\t\t\t\t\t\t\t<div class=\"elementor-grid-item\" role=\"listitem\">\n\t\t\t\t\t\t<div class=\"elementor-share-btn elementor-share-btn_linkedin\" role=\"button\" tabindex=\"0\" aria-label=\"Compartir en linkedin\">\n\t\t\t\t\t\t\t\t\t\t\t\t\t\t\t<span class=\"elementor-share-btn__icon\">\n\t\t\t\t\t\t\t\t<i class=\"fab fa-linkedin\" aria-hidden=\"true\"><\/i>\t\t\t\t\t\t\t<\/span>\n\t\t\t\t\t\t\t\t\t\t\t\t\t\t\t\t\t\t\t\t<\/div>\n\t\t\t\t\t<\/div>\n\t\t\t\t\t\t\t\t\t<div class=\"elementor-grid-item\" role=\"listitem\">\n\t\t\t\t\t\t<div class=\"elementor-share-btn elementor-share-btn_whatsapp\" role=\"button\" tabindex=\"0\" aria-label=\"Compartir en whatsapp\">\n\t\t\t\t\t\t\t\t\t\t\t\t\t\t\t<span class=\"elementor-share-btn__icon\">\n\t\t\t\t\t\t\t\t<i class=\"fab fa-whatsapp\" aria-hidden=\"true\"><\/i>\t\t\t\t\t\t\t<\/span>\n\t\t\t\t\t\t\t\t\t\t\t\t\t\t\t\t\t\t\t\t<\/div>\n\t\t\t\t\t<\/div>\n\t\t\t\t\t\t\t\t\t<div class=\"elementor-grid-item\" role=\"listitem\">\n\t\t\t\t\t\t<div class=\"elementor-share-btn elementor-share-btn_email\" role=\"button\" tabindex=\"0\" aria-label=\"Compartir en email\">\n\t\t\t\t\t\t\t\t\t\t\t\t\t\t\t<span class=\"elementor-share-btn__icon\">\n\t\t\t\t\t\t\t\t<i class=\"fas fa-envelope\" aria-hidden=\"true\"><\/i>\t\t\t\t\t\t\t<\/span>\n\t\t\t\t\t\t\t\t\t\t\t\t\t\t\t\t\t\t\t\t<\/div>\n\t\t\t\t\t<\/div>\n\t\t\t\t\t\t<\/div>\n\t\t\t\t\t\t<\/div>\n\t\t\t\t<\/div>\n\t\t\t\t\t<\/div>\n\t\t<\/div>\n\t\t\t\t\t<\/div>\n\t\t<\/section>\n\t\t\t\t<\/div>\n\t\t","protected":false},"excerpt":{"rendered":"<p>La Feria del Marisco de O Grove es uno de los eventos m\u00e1s simb\u00f3licos de Galicia, su historia se remonta&#8230;<\/p>\n","protected":false},"author":2,"featured_media":943,"comment_status":"closed","ping_status":"open","sticky":false,"template":"","format":"standard","meta":{"footnotes":""},"categories":[72,35,32,34],"tags":[],"class_list":["post-941","post","type-post","status-publish","format-standard","has-post-thumbnail","hentry","category-fiestas-tradiciones","category-galicia","category-la-toja-turismo","category-pontevedra"],"yoast_head":"<!-- This site is optimized with the Yoast SEO plugin v27.5 - https:\/\/yoast.com\/product\/yoast-seo-wordpress\/ -->\n<title>Feria del Marisco en O Grove 2023<\/title>\n<meta name=\"description\" content=\"Visita la Feria del Marisco de O Grove, deleitando tu paladar con mariscos frescos y sumergi\u00e9ndote en la cultura gallega.\" \/>\n<meta name=\"robots\" content=\"index, follow, max-snippet:-1, max-image-preview:large, max-video-preview:-1\" \/>\n<link rel=\"canonical\" href=\"https:\/\/www.villalia.com\/blog\/feria-del-marisco-o-grove\/\" \/>\n<meta property=\"og:locale\" content=\"es_ES\" \/>\n<meta property=\"og:type\" content=\"article\" \/>\n<meta property=\"og:title\" content=\"Feria del Marisco en O Grove 2023\" \/>\n<meta property=\"og:description\" content=\"Visita la Feria del Marisco de O Grove, deleitando tu paladar con mariscos frescos y sumergi\u00e9ndote en la cultura gallega.\" \/>\n<meta property=\"og:url\" content=\"https:\/\/www.villalia.com\/blog\/feria-del-marisco-o-grove\/\" \/>\n<meta property=\"og:site_name\" content=\"Blog\" \/>\n<meta property=\"article:published_time\" content=\"2023-09-26T09:18:13+00:00\" \/>\n<meta property=\"article:modified_time\" content=\"2023-09-26T11:31:39+00:00\" \/>\n<meta property=\"og:image\" content=\"https:\/\/www.villalia.com\/blog\/wp-content\/uploads\/2023\/09\/Feria-del-Marisco-O-Grove-alquiler-vacacional-pontevedra.png\" \/>\n\t<meta property=\"og:image:width\" content=\"1200\" \/>\n\t<meta property=\"og:image:height\" content=\"628\" \/>\n\t<meta property=\"og:image:type\" content=\"image\/png\" \/>\n<meta name=\"author\" content=\"villalia\" \/>\n<meta name=\"twitter:card\" content=\"summary_large_image\" \/>\n<meta name=\"twitter:label1\" content=\"Escrito por\" \/>\n\t<meta name=\"twitter:data1\" content=\"villalia\" \/>\n\t<meta name=\"twitter:label2\" content=\"Tiempo de lectura\" \/>\n\t<meta name=\"twitter:data2\" content=\"3 minutos\" \/>\n<script type=\"application\/ld+json\" class=\"yoast-schema-graph\">{\"@context\":\"https:\\\/\\\/schema.org\",\"@graph\":[{\"@type\":\"Article\",\"@id\":\"https:\\\/\\\/www.villalia.com\\\/blog\\\/feria-del-marisco-o-grove\\\/#article\",\"isPartOf\":{\"@id\":\"https:\\\/\\\/www.villalia.com\\\/blog\\\/feria-del-marisco-o-grove\\\/\"},\"author\":{\"name\":\"villalia\",\"@id\":\"https:\\\/\\\/www.villalia.com\\\/blog\\\/#\\\/schema\\\/person\\\/0973338fbef6aa0be263960c61d6ee06\"},\"headline\":\"Descubre los Sabores del Mar en la Feria del Marisco de O Grove\",\"datePublished\":\"2023-09-26T09:18:13+00:00\",\"dateModified\":\"2023-09-26T11:31:39+00:00\",\"mainEntityOfPage\":{\"@id\":\"https:\\\/\\\/www.villalia.com\\\/blog\\\/feria-del-marisco-o-grove\\\/\"},\"wordCount\":543,\"image\":{\"@id\":\"https:\\\/\\\/www.villalia.com\\\/blog\\\/feria-del-marisco-o-grove\\\/#primaryimage\"},\"thumbnailUrl\":\"https:\\\/\\\/www.villalia.com\\\/blog\\\/wp-content\\\/uploads\\\/2023\\\/09\\\/Feria-del-Marisco-O-Grove-alquiler-vacacional-pontevedra.png\",\"articleSection\":[\"Fiestas y tradiciones\",\"Galicia\",\"La Toja\",\"Pontevedra\"],\"inLanguage\":\"es\"},{\"@type\":\"WebPage\",\"@id\":\"https:\\\/\\\/www.villalia.com\\\/blog\\\/feria-del-marisco-o-grove\\\/\",\"url\":\"https:\\\/\\\/www.villalia.com\\\/blog\\\/feria-del-marisco-o-grove\\\/\",\"name\":\"Feria del Marisco en O Grove 2023\",\"isPartOf\":{\"@id\":\"https:\\\/\\\/www.villalia.com\\\/blog\\\/#website\"},\"primaryImageOfPage\":{\"@id\":\"https:\\\/\\\/www.villalia.com\\\/blog\\\/feria-del-marisco-o-grove\\\/#primaryimage\"},\"image\":{\"@id\":\"https:\\\/\\\/www.villalia.com\\\/blog\\\/feria-del-marisco-o-grove\\\/#primaryimage\"},\"thumbnailUrl\":\"https:\\\/\\\/www.villalia.com\\\/blog\\\/wp-content\\\/uploads\\\/2023\\\/09\\\/Feria-del-Marisco-O-Grove-alquiler-vacacional-pontevedra.png\",\"datePublished\":\"2023-09-26T09:18:13+00:00\",\"dateModified\":\"2023-09-26T11:31:39+00:00\",\"author\":{\"@id\":\"https:\\\/\\\/www.villalia.com\\\/blog\\\/#\\\/schema\\\/person\\\/0973338fbef6aa0be263960c61d6ee06\"},\"description\":\"Visita la Feria del Marisco de O Grove, deleitando tu paladar con mariscos frescos y sumergi\u00e9ndote en la cultura gallega.\",\"breadcrumb\":{\"@id\":\"https:\\\/\\\/www.villalia.com\\\/blog\\\/feria-del-marisco-o-grove\\\/#breadcrumb\"},\"inLanguage\":\"es\",\"potentialAction\":[{\"@type\":\"ReadAction\",\"target\":[\"https:\\\/\\\/www.villalia.com\\\/blog\\\/feria-del-marisco-o-grove\\\/\"]}]},{\"@type\":\"ImageObject\",\"inLanguage\":\"es\",\"@id\":\"https:\\\/\\\/www.villalia.com\\\/blog\\\/feria-del-marisco-o-grove\\\/#primaryimage\",\"url\":\"https:\\\/\\\/www.villalia.com\\\/blog\\\/wp-content\\\/uploads\\\/2023\\\/09\\\/Feria-del-Marisco-O-Grove-alquiler-vacacional-pontevedra.png\",\"contentUrl\":\"https:\\\/\\\/www.villalia.com\\\/blog\\\/wp-content\\\/uploads\\\/2023\\\/09\\\/Feria-del-Marisco-O-Grove-alquiler-vacacional-pontevedra.png\",\"width\":1200,\"height\":628,\"caption\":\"Feria del Marisco O Grove - alquiler vacacional pontevedra\"},{\"@type\":\"BreadcrumbList\",\"@id\":\"https:\\\/\\\/www.villalia.com\\\/blog\\\/feria-del-marisco-o-grove\\\/#breadcrumb\",\"itemListElement\":[{\"@type\":\"ListItem\",\"position\":1,\"name\":\"Home\",\"item\":\"https:\\\/\\\/www.villalia.com\\\/blog\\\/\"},{\"@type\":\"ListItem\",\"position\":2,\"name\":\"Descubre los Sabores del Mar en la Feria del Marisco de O Grove\"}]},{\"@type\":\"WebSite\",\"@id\":\"https:\\\/\\\/www.villalia.com\\\/blog\\\/#website\",\"url\":\"https:\\\/\\\/www.villalia.com\\\/blog\\\/\",\"name\":\"Blog\",\"description\":\"Villalia\",\"potentialAction\":[{\"@type\":\"SearchAction\",\"target\":{\"@type\":\"EntryPoint\",\"urlTemplate\":\"https:\\\/\\\/www.villalia.com\\\/blog\\\/?s={search_term_string}\"},\"query-input\":{\"@type\":\"PropertyValueSpecification\",\"valueRequired\":true,\"valueName\":\"search_term_string\"}}],\"inLanguage\":\"es\"},{\"@type\":\"Person\",\"@id\":\"https:\\\/\\\/www.villalia.com\\\/blog\\\/#\\\/schema\\\/person\\\/0973338fbef6aa0be263960c61d6ee06\",\"name\":\"villalia\",\"image\":{\"@type\":\"ImageObject\",\"inLanguage\":\"es\",\"@id\":\"https:\\\/\\\/secure.gravatar.com\\\/avatar\\\/0e6e98d7522f64e16962ccb42ec7bba0359898cc4bb80c3e879426f58ecc2fcd?s=96&d=mm&r=g\",\"url\":\"https:\\\/\\\/secure.gravatar.com\\\/avatar\\\/0e6e98d7522f64e16962ccb42ec7bba0359898cc4bb80c3e879426f58ecc2fcd?s=96&d=mm&r=g\",\"contentUrl\":\"https:\\\/\\\/secure.gravatar.com\\\/avatar\\\/0e6e98d7522f64e16962ccb42ec7bba0359898cc4bb80c3e879426f58ecc2fcd?s=96&d=mm&r=g\",\"caption\":\"villalia\"},\"url\":\"https:\\\/\\\/www.villalia.com\\\/blog\\\/author\\\/villalia\\\/\"}]}<\/script>\n<!-- \/ Yoast SEO plugin. -->","yoast_head_json":{"title":"Feria del Marisco en O Grove 2023","description":"Visita la Feria del Marisco de O Grove, deleitando tu paladar con mariscos frescos y sumergi\u00e9ndote en la cultura gallega.","robots":{"index":"index","follow":"follow","max-snippet":"max-snippet:-1","max-image-preview":"max-image-preview:large","max-video-preview":"max-video-preview:-1"},"canonical":"https:\/\/www.villalia.com\/blog\/feria-del-marisco-o-grove\/","og_locale":"es_ES","og_type":"article","og_title":"Feria del Marisco en O Grove 2023","og_description":"Visita la Feria del Marisco de O Grove, deleitando tu paladar con mariscos frescos y sumergi\u00e9ndote en la cultura gallega.","og_url":"https:\/\/www.villalia.com\/blog\/feria-del-marisco-o-grove\/","og_site_name":"Blog","article_published_time":"2023-09-26T09:18:13+00:00","article_modified_time":"2023-09-26T11:31:39+00:00","og_image":[{"width":1200,"height":628,"url":"https:\/\/www.villalia.com\/blog\/wp-content\/uploads\/2023\/09\/Feria-del-Marisco-O-Grove-alquiler-vacacional-pontevedra.png","type":"image\/png"}],"author":"villalia","twitter_card":"summary_large_image","twitter_misc":{"Escrito por":"villalia","Tiempo de lectura":"3 minutos"},"schema":{"@context":"https:\/\/schema.org","@graph":[{"@type":"Article","@id":"https:\/\/www.villalia.com\/blog\/feria-del-marisco-o-grove\/#article","isPartOf":{"@id":"https:\/\/www.villalia.com\/blog\/feria-del-marisco-o-grove\/"},"author":{"name":"villalia","@id":"https:\/\/www.villalia.com\/blog\/#\/schema\/person\/0973338fbef6aa0be263960c61d6ee06"},"headline":"Descubre los Sabores del Mar en la Feria del Marisco de O Grove","datePublished":"2023-09-26T09:18:13+00:00","dateModified":"2023-09-26T11:31:39+00:00","mainEntityOfPage":{"@id":"https:\/\/www.villalia.com\/blog\/feria-del-marisco-o-grove\/"},"wordCount":543,"image":{"@id":"https:\/\/www.villalia.com\/blog\/feria-del-marisco-o-grove\/#primaryimage"},"thumbnailUrl":"https:\/\/www.villalia.com\/blog\/wp-content\/uploads\/2023\/09\/Feria-del-Marisco-O-Grove-alquiler-vacacional-pontevedra.png","articleSection":["Fiestas y tradiciones","Galicia","La Toja","Pontevedra"],"inLanguage":"es"},{"@type":"WebPage","@id":"https:\/\/www.villalia.com\/blog\/feria-del-marisco-o-grove\/","url":"https:\/\/www.villalia.com\/blog\/feria-del-marisco-o-grove\/","name":"Feria del Marisco en O Grove 2023","isPartOf":{"@id":"https:\/\/www.villalia.com\/blog\/#website"},"primaryImageOfPage":{"@id":"https:\/\/www.villalia.com\/blog\/feria-del-marisco-o-grove\/#primaryimage"},"image":{"@id":"https:\/\/www.villalia.com\/blog\/feria-del-marisco-o-grove\/#primaryimage"},"thumbnailUrl":"https:\/\/www.villalia.com\/blog\/wp-content\/uploads\/2023\/09\/Feria-del-Marisco-O-Grove-alquiler-vacacional-pontevedra.png","datePublished":"2023-09-26T09:18:13+00:00","dateModified":"2023-09-26T11:31:39+00:00","author":{"@id":"https:\/\/www.villalia.com\/blog\/#\/schema\/person\/0973338fbef6aa0be263960c61d6ee06"},"description":"Visita la Feria del Marisco de O Grove, deleitando tu paladar con mariscos frescos y sumergi\u00e9ndote en la cultura gallega.","breadcrumb":{"@id":"https:\/\/www.villalia.com\/blog\/feria-del-marisco-o-grove\/#breadcrumb"},"inLanguage":"es","potentialAction":[{"@type":"ReadAction","target":["https:\/\/www.villalia.com\/blog\/feria-del-marisco-o-grove\/"]}]},{"@type":"ImageObject","inLanguage":"es","@id":"https:\/\/www.villalia.com\/blog\/feria-del-marisco-o-grove\/#primaryimage","url":"https:\/\/www.villalia.com\/blog\/wp-content\/uploads\/2023\/09\/Feria-del-Marisco-O-Grove-alquiler-vacacional-pontevedra.png","contentUrl":"https:\/\/www.villalia.com\/blog\/wp-content\/uploads\/2023\/09\/Feria-del-Marisco-O-Grove-alquiler-vacacional-pontevedra.png","width":1200,"height":628,"caption":"Feria del Marisco O Grove - alquiler vacacional pontevedra"},{"@type":"BreadcrumbList","@id":"https:\/\/www.villalia.com\/blog\/feria-del-marisco-o-grove\/#breadcrumb","itemListElement":[{"@type":"ListItem","position":1,"name":"Home","item":"https:\/\/www.villalia.com\/blog\/"},{"@type":"ListItem","position":2,"name":"Descubre los Sabores del Mar en la Feria del Marisco de O Grove"}]},{"@type":"WebSite","@id":"https:\/\/www.villalia.com\/blog\/#website","url":"https:\/\/www.villalia.com\/blog\/","name":"Blog","description":"Villalia","potentialAction":[{"@type":"SearchAction","target":{"@type":"EntryPoint","urlTemplate":"https:\/\/www.villalia.com\/blog\/?s={search_term_string}"},"query-input":{"@type":"PropertyValueSpecification","valueRequired":true,"valueName":"search_term_string"}}],"inLanguage":"es"},{"@type":"Person","@id":"https:\/\/www.villalia.com\/blog\/#\/schema\/person\/0973338fbef6aa0be263960c61d6ee06","name":"villalia","image":{"@type":"ImageObject","inLanguage":"es","@id":"https:\/\/secure.gravatar.com\/avatar\/0e6e98d7522f64e16962ccb42ec7bba0359898cc4bb80c3e879426f58ecc2fcd?s=96&d=mm&r=g","url":"https:\/\/secure.gravatar.com\/avatar\/0e6e98d7522f64e16962ccb42ec7bba0359898cc4bb80c3e879426f58ecc2fcd?s=96&d=mm&r=g","contentUrl":"https:\/\/secure.gravatar.com\/avatar\/0e6e98d7522f64e16962ccb42ec7bba0359898cc4bb80c3e879426f58ecc2fcd?s=96&d=mm&r=g","caption":"villalia"},"url":"https:\/\/www.villalia.com\/blog\/author\/villalia\/"}]}},"_links":{"self":[{"href":"https:\/\/www.villalia.com\/blog\/wp-json\/wp\/v2\/posts\/941","targetHints":{"allow":["GET"]}}],"collection":[{"href":"https:\/\/www.villalia.com\/blog\/wp-json\/wp\/v2\/posts"}],"about":[{"href":"https:\/\/www.villalia.com\/blog\/wp-json\/wp\/v2\/types\/post"}],"author":[{"embeddable":true,"href":"https:\/\/www.villalia.com\/blog\/wp-json\/wp\/v2\/users\/2"}],"replies":[{"embeddable":true,"href":"https:\/\/www.villalia.com\/blog\/wp-json\/wp\/v2\/comments?post=941"}],"version-history":[{"count":49,"href":"https:\/\/www.villalia.com\/blog\/wp-json\/wp\/v2\/posts\/941\/revisions"}],"predecessor-version":[{"id":999,"href":"https:\/\/www.villalia.com\/blog\/wp-json\/wp\/v2\/posts\/941\/revisions\/999"}],"wp:featuredmedia":[{"embeddable":true,"href":"https:\/\/www.villalia.com\/blog\/wp-json\/wp\/v2\/media\/943"}],"wp:attachment":[{"href":"https:\/\/www.villalia.com\/blog\/wp-json\/wp\/v2\/media?parent=941"}],"wp:term":[{"taxonomy":"category","embeddable":true,"href":"https:\/\/www.villalia.com\/blog\/wp-json\/wp\/v2\/categories?post=941"},{"taxonomy":"post_tag","embeddable":true,"href":"https:\/\/www.villalia.com\/blog\/wp-json\/wp\/v2\/tags?post=941"}],"curies":[{"name":"wp","href":"https:\/\/api.w.org\/{rel}","templated":true}]}}