{"id":783,"date":"2023-10-20T10:13:22","date_gmt":"2023-10-20T10:13:22","guid":{"rendered":"https:\/\/www.villalia.com\/blog\/?p=783"},"modified":"2023-10-20T10:13:24","modified_gmt":"2023-10-20T10:13:24","slug":"vacaciones-la-toja-sercretos-culinarios","status":"publish","type":"post","link":"https:\/\/www.villalia.com\/blog\/vacaciones-la-toja-sercretos-culinarios\/","title":{"rendered":"VACACIONES EN LA TOJA: Explora sus secretos culinarios"},"content":{"rendered":"\t\t<div data-elementor-type=\"wp-post\" data-elementor-id=\"783\" class=\"elementor elementor-783\" data-elementor-post-type=\"post\">\n\t\t\t\t\t\t<section class=\"elementor-section elementor-top-section elementor-element elementor-element-0c1adfa elementor-section-boxed elementor-section-height-default elementor-section-height-default\" data-id=\"0c1adfa\" data-element_type=\"section\" data-e-type=\"section\">\n\t\t\t\t\t\t<div class=\"elementor-container elementor-column-gap-default\">\n\t\t\t\t\t<div class=\"elementor-column elementor-col-100 elementor-top-column elementor-element elementor-element-1613ac7\" data-id=\"1613ac7\" data-element_type=\"column\" data-e-type=\"column\">\n\t\t\t<div class=\"elementor-widget-wrap elementor-element-populated\">\n\t\t\t\t\t\t<div class=\"elementor-element elementor-element-3f5e220 elementor-widget elementor-widget-text-editor\" data-id=\"3f5e220\" data-element_type=\"widget\" data-e-type=\"widget\" data-widget_type=\"text-editor.default\">\n\t\t\t\t<div class=\"elementor-widget-container\">\n\t\t\t\t\t\t\t\t\t<p><span style=\"font-weight: 400;\">Disfrutar\u00e1s de tus vacaciones en La Toja si eres amante de la buena comida y la gastronom\u00eda local. Un aut\u00e9ntico para\u00edso enclavado en las R\u00edas Baixas, nos brinda una experiencia gastron\u00f3mica que fusiona la esencia marina de Galicia con el lujo y la relajaci\u00f3n que caracterizan este emblem\u00e1tico lugar. Su historia est\u00e1 entrelazada con las aguas termales que la han convertido en un oasis de bienestar, pero tambi\u00e9n con una tradici\u00f3n culinaria que cautiva a todos los que la visitan. Desde delicias marinas frescas hasta platos tradicionales gallegos, la Isla de la Toja es mucho m\u00e1s que un destino, es un deleite para los sentidos que nos invita a explorar los sabores \u00fanicos de esta joya en la costa de Pontevedra.\u00a0<\/span><\/p>\t\t\t\t\t\t\t\t<\/div>\n\t\t\t\t<\/div>\n\t\t\t\t\t<\/div>\n\t\t<\/div>\n\t\t\t\t\t<\/div>\n\t\t<\/section>\n\t\t\t\t<section class=\"elementor-section elementor-top-section elementor-element elementor-element-6132a0b elementor-section-boxed elementor-section-height-default elementor-section-height-default\" data-id=\"6132a0b\" data-element_type=\"section\" data-e-type=\"section\">\n\t\t\t\t\t\t<div class=\"elementor-container elementor-column-gap-default\">\n\t\t\t\t\t<div class=\"elementor-column elementor-col-100 elementor-top-column elementor-element elementor-element-22c7625\" data-id=\"22c7625\" data-element_type=\"column\" data-e-type=\"column\">\n\t\t\t<div class=\"elementor-widget-wrap elementor-element-populated\">\n\t\t\t\t\t\t<div class=\"elementor-element elementor-element-6409f70 elementor-widget elementor-widget-spacer\" data-id=\"6409f70\" data-element_type=\"widget\" data-e-type=\"widget\" data-widget_type=\"spacer.default\">\n\t\t\t\t<div class=\"elementor-widget-container\">\n\t\t\t\t\t\t\t<div class=\"elementor-spacer\">\n\t\t\t<div class=\"elementor-spacer-inner\"><\/div>\n\t\t<\/div>\n\t\t\t\t\t\t<\/div>\n\t\t\t\t<\/div>\n\t\t\t\t\t<\/div>\n\t\t<\/div>\n\t\t\t\t\t<\/div>\n\t\t<\/section>\n\t\t\t\t<section class=\"elementor-section elementor-top-section elementor-element elementor-element-ffdb8f2 elementor-section-boxed elementor-section-height-default elementor-section-height-default\" data-id=\"ffdb8f2\" data-element_type=\"section\" data-e-type=\"section\">\n\t\t\t\t\t\t<div class=\"elementor-container elementor-column-gap-default\">\n\t\t\t\t\t<div class=\"elementor-column elementor-col-50 elementor-top-column elementor-element elementor-element-759f9d7\" data-id=\"759f9d7\" data-element_type=\"column\" data-e-type=\"column\">\n\t\t\t<div class=\"elementor-widget-wrap elementor-element-populated\">\n\t\t\t\t\t\t<div class=\"elementor-element elementor-element-35d55c1 elementor-widget elementor-widget-image\" data-id=\"35d55c1\" data-element_type=\"widget\" data-e-type=\"widget\" data-widget_type=\"image.default\">\n\t\t\t\t<div class=\"elementor-widget-container\">\n\t\t\t\t\t\t\t\t\t\t\t\t\t\t\t<img fetchpriority=\"high\" decoding=\"async\" width=\"1080\" height=\"1080\" src=\"https:\/\/www.villalia.com\/blog\/wp-content\/uploads\/2023\/08\/TARTA-DE-SANTIAGO-min.png\" class=\"attachment-full size-full wp-image-836\" alt=\"ALQUILER VACACIONAL EN PONTEVEDRA - TARTA DE SANTIAGO\" srcset=\"https:\/\/www.villalia.com\/blog\/wp-content\/uploads\/2023\/08\/TARTA-DE-SANTIAGO-min.png 1080w, https:\/\/www.villalia.com\/blog\/wp-content\/uploads\/2023\/08\/TARTA-DE-SANTIAGO-min-150x150.png 150w, https:\/\/www.villalia.com\/blog\/wp-content\/uploads\/2023\/08\/TARTA-DE-SANTIAGO-min-768x768.png 768w, https:\/\/www.villalia.com\/blog\/wp-content\/uploads\/2023\/08\/TARTA-DE-SANTIAGO-min-90x90.png 90w\" sizes=\"(max-width: 1080px) 100vw, 1080px\" \/>\t\t\t\t\t\t\t\t\t\t\t\t\t\t\t<\/div>\n\t\t\t\t<\/div>\n\t\t\t\t\t<\/div>\n\t\t<\/div>\n\t\t\t\t<div class=\"elementor-column elementor-col-50 elementor-top-column elementor-element elementor-element-ccf5416\" data-id=\"ccf5416\" data-element_type=\"column\" data-e-type=\"column\">\n\t\t\t<div class=\"elementor-widget-wrap elementor-element-populated\">\n\t\t\t\t\t\t<div class=\"elementor-element elementor-element-a6d3e9c elementor-widget elementor-widget-heading\" data-id=\"a6d3e9c\" data-element_type=\"widget\" data-e-type=\"widget\" data-widget_type=\"heading.default\">\n\t\t\t\t<div class=\"elementor-widget-container\">\n\t\t\t\t\t<h2 class=\"elementor-heading-title elementor-size-default\">Descubriendo los Sabores Locales Isla de La Toja<\/h2>\t\t\t\t<\/div>\n\t\t\t\t<\/div>\n\t\t\t\t<div class=\"elementor-element elementor-element-d7f325d elementor-widget elementor-widget-text-editor\" data-id=\"d7f325d\" data-element_type=\"widget\" data-e-type=\"widget\" data-widget_type=\"text-editor.default\">\n\t\t\t\t<div class=\"elementor-widget-container\">\n\t\t\t\t\t\t\t\t\t<p><span style=\"font-weight: 400;\">La Isla de la Toja es famosa por su cocina tradicional gallega y con un toque \u00fanico. Los sabores locales, arraigados en la tierra f\u00e9rtil y el mar generoso que la rodea, nos transportan a un fest\u00edn culinario que captura la esencia misma de Galicia. Desde las mariscadas que nos regalan las aguas de sus r\u00edas, hasta las recetas tradicionales que se han transmitido de generaci\u00f3n en generaci\u00f3n, cada bocado es un homenaje a la riqueza natural y la pasi\u00f3n de su gente por la buena comida. En esta tierra de vi\u00f1edos y huertas, los vinos albari\u00f1os se mezclan armoniosamente con las preparaciones m\u00e1s aut\u00e9nticas, mientras que los platos emblem\u00e1ticos como la empanada y el pulpo a la gallega despiertan nuestros sentidos con sabores que hablan de historia y tradici\u00f3n.<\/span><\/p><p><span style=\"font-weight: 400;\">No olvides antes de marcharte probar el Pan de Cea, con una miga compacta y corteza crujiente, y la Tarta de Santiago, una tarta de almendras con una textura h\u00fameda y un sabor a almendra muy caracter\u00edstico.<\/span><\/p>\t\t\t\t\t\t\t\t<\/div>\n\t\t\t\t<\/div>\n\t\t\t\t\t<\/div>\n\t\t<\/div>\n\t\t\t\t\t<\/div>\n\t\t<\/section>\n\t\t\t\t<section class=\"elementor-section elementor-top-section elementor-element elementor-element-b56a2a2 elementor-section-boxed elementor-section-height-default elementor-section-height-default\" data-id=\"b56a2a2\" data-element_type=\"section\" data-e-type=\"section\">\n\t\t\t\t\t\t<div class=\"elementor-container elementor-column-gap-default\">\n\t\t\t\t\t<div class=\"elementor-column elementor-col-100 elementor-top-column elementor-element elementor-element-f653947\" data-id=\"f653947\" data-element_type=\"column\" data-e-type=\"column\">\n\t\t\t<div class=\"elementor-widget-wrap\">\n\t\t\t\t\t\t\t<\/div>\n\t\t<\/div>\n\t\t\t\t\t<\/div>\n\t\t<\/section>\n\t\t\t\t<section class=\"elementor-section elementor-top-section elementor-element elementor-element-b8545ab elementor-section-boxed elementor-section-height-default elementor-section-height-default\" data-id=\"b8545ab\" data-element_type=\"section\" data-e-type=\"section\">\n\t\t\t\t\t\t<div class=\"elementor-container elementor-column-gap-default\">\n\t\t\t\t\t<div class=\"elementor-column elementor-col-100 elementor-top-column elementor-element elementor-element-3d442e9\" data-id=\"3d442e9\" data-element_type=\"column\" data-e-type=\"column\">\n\t\t\t<div class=\"elementor-widget-wrap elementor-element-populated\">\n\t\t\t\t\t\t<div class=\"elementor-element elementor-element-6f64140 elementor-widget elementor-widget-spacer\" data-id=\"6f64140\" data-element_type=\"widget\" data-e-type=\"widget\" data-widget_type=\"spacer.default\">\n\t\t\t\t<div class=\"elementor-widget-container\">\n\t\t\t\t\t\t\t<div class=\"elementor-spacer\">\n\t\t\t<div class=\"elementor-spacer-inner\"><\/div>\n\t\t<\/div>\n\t\t\t\t\t\t<\/div>\n\t\t\t\t<\/div>\n\t\t\t\t\t<\/div>\n\t\t<\/div>\n\t\t\t\t\t<\/div>\n\t\t<\/section>\n\t\t\t\t<section class=\"elementor-section elementor-top-section elementor-element elementor-element-f5ac06b elementor-section-boxed elementor-section-height-default elementor-section-height-default\" data-id=\"f5ac06b\" data-element_type=\"section\" data-e-type=\"section\">\n\t\t\t\t\t\t<div class=\"elementor-container elementor-column-gap-default\">\n\t\t\t\t\t<div class=\"elementor-column elementor-col-50 elementor-top-column elementor-element elementor-element-fc4181b\" data-id=\"fc4181b\" data-element_type=\"column\" data-e-type=\"column\">\n\t\t\t<div class=\"elementor-widget-wrap elementor-element-populated\">\n\t\t\t\t\t\t<div class=\"elementor-element elementor-element-ec42c22 elementor-widget elementor-widget-image\" data-id=\"ec42c22\" data-element_type=\"widget\" data-e-type=\"widget\" data-widget_type=\"image.default\">\n\t\t\t\t<div class=\"elementor-widget-container\">\n\t\t\t\t\t\t\t\t\t\t\t\t\t\t\t<img decoding=\"async\" width=\"1080\" height=\"1080\" src=\"https:\/\/www.villalia.com\/blog\/wp-content\/uploads\/2023\/08\/PERCEBES-Y-MEJILLONES-min.png\" class=\"attachment-full size-full wp-image-838\" alt=\"ALQUILER VACACIONAL EN PONTEVEDRA - MEJILLONES Y PERCEBES\" srcset=\"https:\/\/www.villalia.com\/blog\/wp-content\/uploads\/2023\/08\/PERCEBES-Y-MEJILLONES-min.png 1080w, https:\/\/www.villalia.com\/blog\/wp-content\/uploads\/2023\/08\/PERCEBES-Y-MEJILLONES-min-150x150.png 150w, https:\/\/www.villalia.com\/blog\/wp-content\/uploads\/2023\/08\/PERCEBES-Y-MEJILLONES-min-768x768.png 768w, https:\/\/www.villalia.com\/blog\/wp-content\/uploads\/2023\/08\/PERCEBES-Y-MEJILLONES-min-90x90.png 90w\" sizes=\"(max-width: 1080px) 100vw, 1080px\" \/>\t\t\t\t\t\t\t\t\t\t\t\t\t\t\t<\/div>\n\t\t\t\t<\/div>\n\t\t\t\t\t<\/div>\n\t\t<\/div>\n\t\t\t\t<div class=\"elementor-column elementor-col-50 elementor-top-column elementor-element elementor-element-7881a75\" data-id=\"7881a75\" data-element_type=\"column\" data-e-type=\"column\">\n\t\t\t<div class=\"elementor-widget-wrap elementor-element-populated\">\n\t\t\t\t\t\t<div class=\"elementor-element elementor-element-788fe17 elementor-widget elementor-widget-heading\" data-id=\"788fe17\" data-element_type=\"widget\" data-e-type=\"widget\" data-widget_type=\"heading.default\">\n\t\t\t\t<div class=\"elementor-widget-container\">\n\t\t\t\t\t<h2 class=\"elementor-heading-title elementor-size-default\">Mariscos Frescos de la Costa de Pontevedra<\/h2>\t\t\t\t<\/div>\n\t\t\t\t<\/div>\n\t\t\t\t<div class=\"elementor-element elementor-element-253b9de elementor-widget elementor-widget-text-editor\" data-id=\"253b9de\" data-element_type=\"widget\" data-e-type=\"widget\" data-widget_type=\"text-editor.default\">\n\t\t\t\t<div class=\"elementor-widget-container\">\n\t\t\t\t\t\t\t\t\t<p><span style=\"font-weight: 400;\">Dado que la Isla de la Toja est\u00e1 rodeada por las aguas del Atl\u00e1ntico, es un para\u00edso para los amantes de los mariscos. Prueba las exquisitas gambas de la zona, que son famosas por su sabor dulce y su textura tierna. Los mejillones tambi\u00e9n son una opci\u00f3n popular, con su distintivo sabor a mar.<\/span><\/p><p><span style=\"font-weight: 400;\">Los mariscos frescos de la costa de Pontevedra, son una joya culinaria que refleja la esencia misma de esta regi\u00f3n gallega. El marisqueo, una actividad ancestral que sigue viva en estas aguas, nos brinda la oportunidad de saborear aut\u00e9nticos tesoros del mar, capturados con maestr\u00eda por manos expertas. El marisco t\u00edpico de la zona, desde las deliciosas almejas hasta los exquisitos mejillones y los emblem\u00e1ticos percebes, nos sumergen en una experiencia gastron\u00f3mica \u00fanica que celebra la abundancia y diversidad de la costa gallega. Cada bocado nos habla del esfuerzo de los mariscadores locales, de la frescura incomparable que solo el Atl\u00e1ntico puede ofrecer, y de la pasi\u00f3n de Pontevedra por su tradici\u00f3n culinaria.<\/span><\/p>\t\t\t\t\t\t\t\t<\/div>\n\t\t\t\t<\/div>\n\t\t\t\t\t<\/div>\n\t\t<\/div>\n\t\t\t\t\t<\/div>\n\t\t<\/section>\n\t\t\t\t<section class=\"elementor-section elementor-top-section elementor-element elementor-element-6c8ebb0 elementor-section-boxed elementor-section-height-default elementor-section-height-default\" data-id=\"6c8ebb0\" data-element_type=\"section\" data-e-type=\"section\">\n\t\t\t\t\t\t<div class=\"elementor-container elementor-column-gap-default\">\n\t\t\t\t\t<div class=\"elementor-column elementor-col-100 elementor-top-column elementor-element elementor-element-ddaee44\" data-id=\"ddaee44\" data-element_type=\"column\" data-e-type=\"column\">\n\t\t\t<div class=\"elementor-widget-wrap elementor-element-populated\">\n\t\t\t\t\t\t<div class=\"elementor-element elementor-element-76f662d elementor-widget elementor-widget-spacer\" data-id=\"76f662d\" data-element_type=\"widget\" data-e-type=\"widget\" data-widget_type=\"spacer.default\">\n\t\t\t\t<div class=\"elementor-widget-container\">\n\t\t\t\t\t\t\t<div class=\"elementor-spacer\">\n\t\t\t<div class=\"elementor-spacer-inner\"><\/div>\n\t\t<\/div>\n\t\t\t\t\t\t<\/div>\n\t\t\t\t<\/div>\n\t\t\t\t\t<\/div>\n\t\t<\/div>\n\t\t\t\t\t<\/div>\n\t\t<\/section>\n\t\t\t\t<section class=\"elementor-section elementor-top-section elementor-element elementor-element-dcc4cdc elementor-section-boxed elementor-section-height-default elementor-section-height-default\" data-id=\"dcc4cdc\" data-element_type=\"section\" data-e-type=\"section\">\n\t\t\t\t\t\t<div class=\"elementor-container elementor-column-gap-default\">\n\t\t\t\t\t<div class=\"elementor-column elementor-col-100 elementor-top-column elementor-element elementor-element-9dfb52c\" data-id=\"9dfb52c\" data-element_type=\"column\" data-e-type=\"column\">\n\t\t\t<div class=\"elementor-widget-wrap elementor-element-populated\">\n\t\t\t\t\t\t<div class=\"elementor-element elementor-element-df5f9ae elementor-widget elementor-widget-heading\" data-id=\"df5f9ae\" data-element_type=\"widget\" data-e-type=\"widget\" data-widget_type=\"heading.default\">\n\t\t\t\t<div class=\"elementor-widget-container\">\n\t\t\t\t\t<h2 class=\"elementor-heading-title elementor-size-default\">Platos Tradicionales con un Giro Moderno<\/h2>\t\t\t\t<\/div>\n\t\t\t\t<\/div>\n\t\t\t\t<div class=\"elementor-element elementor-element-7a8c580 elementor-widget elementor-widget-text-editor\" data-id=\"7a8c580\" data-element_type=\"widget\" data-e-type=\"widget\" data-widget_type=\"text-editor.default\">\n\t\t\t\t<div class=\"elementor-widget-container\">\n\t\t\t\t\t\t\t\t\t<p><span style=\"font-weight: 400;\">Aunque la isla valora profundamente sus tradiciones culinarias, tambi\u00e9n ha abierto las puertas a la innovaci\u00f3n gastron\u00f3mica. Muchos restaurantes locales combinan ingredientes tradicionales con t\u00e9cnicas modernas de cocina, creando platos sorprendentemente deliciosos. No te pierdas la oportunidad de probar platos como el \u201cRape en Salsa Verde con Algas\u201d, que fusiona lo antiguo y lo nuevo de manera magistral.<\/span><\/p><p><span style=\"font-weight: 400;\">La fusi\u00f3n entre los platos tradicionales gallegos y la cocina moderna ha dado vida a una experiencia culinaria sorprendente en la regi\u00f3n, donde la riqueza de la historia se fusiona con la innovaci\u00f3n de la gastronom\u00eda contempor\u00e1nea. Los sabores aut\u00e9nticos de Galicia, han sido reinterpretados con t\u00e9cnicas vanguardistas y presentaciones creativas que estimulan los sentidos. En esta convergencia de tradici\u00f3n y vanguardia, los cocineros de Pontevedra han encontrado un lienzo donde pueden expresar su pasi\u00f3n por los ingredientes locales, enriqueciendo la escena culinaria con platos que sorprenden, cautivan y deleitan. Aqu\u00ed tienes algunos de ellos para ir abriendo boca.<\/span><\/p>\t\t\t\t\t\t\t\t<\/div>\n\t\t\t\t<\/div>\n\t\t\t\t\t<\/div>\n\t\t<\/div>\n\t\t\t\t\t<\/div>\n\t\t<\/section>\n\t\t\t\t<section class=\"elementor-section elementor-top-section elementor-element elementor-element-2cabe1f elementor-section-boxed elementor-section-height-default elementor-section-height-default\" data-id=\"2cabe1f\" data-element_type=\"section\" data-e-type=\"section\">\n\t\t\t\t\t\t<div class=\"elementor-container elementor-column-gap-default\">\n\t\t\t\t\t<div class=\"elementor-column elementor-col-100 elementor-top-column elementor-element elementor-element-adfc61a\" data-id=\"adfc61a\" data-element_type=\"column\" data-e-type=\"column\">\n\t\t\t<div class=\"elementor-widget-wrap elementor-element-populated\">\n\t\t\t\t\t\t<div class=\"elementor-element elementor-element-f861f3d elementor-widget elementor-widget-accordion\" data-id=\"f861f3d\" data-element_type=\"widget\" data-e-type=\"widget\" data-widget_type=\"accordion.default\">\n\t\t\t\t<div class=\"elementor-widget-container\">\n\t\t\t\t\t\t\t<div class=\"elementor-accordion\">\n\t\t\t\t\t\t\t<div class=\"elementor-accordion-item\">\n\t\t\t\t\t<div id=\"elementor-tab-title-2601\" class=\"elementor-tab-title\" data-tab=\"1\" role=\"button\" aria-controls=\"elementor-tab-content-2601\" aria-expanded=\"false\">\n\t\t\t\t\t\t\t\t\t\t\t\t\t<span class=\"elementor-accordion-icon elementor-accordion-icon-left\" aria-hidden=\"true\">\n\t\t\t\t\t\t\t\t\t\t\t\t\t\t\t<span class=\"elementor-accordion-icon-closed\"><i class=\"fas fa-plus\"><\/i><\/span>\n\t\t\t\t\t\t\t\t<span class=\"elementor-accordion-icon-opened\"><i class=\"fas fa-minus\"><\/i><\/span>\n\t\t\t\t\t\t\t\t\t\t\t\t\t\t<\/span>\n\t\t\t\t\t\t\t\t\t\t\t\t<a class=\"elementor-accordion-title\" tabindex=\"0\">Plato tradicional: Pulpo a la Gallega<\/a>\n\t\t\t\t\t<\/div>\n\t\t\t\t\t<div id=\"elementor-tab-content-2601\" class=\"elementor-tab-content elementor-clearfix\" data-tab=\"1\" role=\"region\" aria-labelledby=\"elementor-tab-title-2601\"><p><span style=\"font-weight: 400;\"><strong>Fusi\u00f3n moderna:<\/strong> \u201cPulpo a la brasa\u201d con una base de pur\u00e9 de patata ahumado, presentado con salsa de piment\u00f3n de la Vera y espuma de mariscos para agregar textura y sabor.<\/span><\/p><\/div>\n\t\t\t\t<\/div>\n\t\t\t\t\t\t\t<div class=\"elementor-accordion-item\">\n\t\t\t\t\t<div id=\"elementor-tab-title-2602\" class=\"elementor-tab-title\" data-tab=\"2\" role=\"button\" aria-controls=\"elementor-tab-content-2602\" aria-expanded=\"false\">\n\t\t\t\t\t\t\t\t\t\t\t\t\t<span class=\"elementor-accordion-icon elementor-accordion-icon-left\" aria-hidden=\"true\">\n\t\t\t\t\t\t\t\t\t\t\t\t\t\t\t<span class=\"elementor-accordion-icon-closed\"><i class=\"fas fa-plus\"><\/i><\/span>\n\t\t\t\t\t\t\t\t<span class=\"elementor-accordion-icon-opened\"><i class=\"fas fa-minus\"><\/i><\/span>\n\t\t\t\t\t\t\t\t\t\t\t\t\t\t<\/span>\n\t\t\t\t\t\t\t\t\t\t\t\t<a class=\"elementor-accordion-title\" tabindex=\"0\">Plato tradicional: Caldo Gallego<\/a>\n\t\t\t\t\t<\/div>\n\t\t\t\t\t<div id=\"elementor-tab-content-2602\" class=\"elementor-tab-content elementor-clearfix\" data-tab=\"2\" role=\"region\" aria-labelledby=\"elementor-tab-title-2602\"><p><span style=\"font-weight: 400;\"><strong>Fusi\u00f3n moderna:<\/strong> \u201cCaldo Gallego con toque asi\u00e1tico\u201d utilizando dashi como base y a\u00f1adiendo algas y hongos enoki para un sabor umami adicional.<\/span><\/p><\/div>\n\t\t\t\t<\/div>\n\t\t\t\t\t\t\t<div class=\"elementor-accordion-item\">\n\t\t\t\t\t<div id=\"elementor-tab-title-2603\" class=\"elementor-tab-title\" data-tab=\"3\" role=\"button\" aria-controls=\"elementor-tab-content-2603\" aria-expanded=\"false\">\n\t\t\t\t\t\t\t\t\t\t\t\t\t<span class=\"elementor-accordion-icon elementor-accordion-icon-left\" aria-hidden=\"true\">\n\t\t\t\t\t\t\t\t\t\t\t\t\t\t\t<span class=\"elementor-accordion-icon-closed\"><i class=\"fas fa-plus\"><\/i><\/span>\n\t\t\t\t\t\t\t\t<span class=\"elementor-accordion-icon-opened\"><i class=\"fas fa-minus\"><\/i><\/span>\n\t\t\t\t\t\t\t\t\t\t\t\t\t\t<\/span>\n\t\t\t\t\t\t\t\t\t\t\t\t<a class=\"elementor-accordion-title\" tabindex=\"0\">Plato tradicional: Pulpo a Feira<\/a>\n\t\t\t\t\t<\/div>\n\t\t\t\t\t<div id=\"elementor-tab-content-2603\" class=\"elementor-tab-content elementor-clearfix\" data-tab=\"3\" role=\"region\" aria-labelledby=\"elementor-tab-title-2603\"><p><span style=\"font-weight: 400;\"><strong>Fusi\u00f3n moderna:<\/strong> \u00abCarpaccio de pulpo a Feira\u00bb con rodajas finas de pulpo cocido, acompa\u00f1ado de aceite de oliva virgen extra, escamas de sal marina y crujientes de pan de centeno.<\/span><\/p><\/div>\n\t\t\t\t<\/div>\n\t\t\t\t\t\t\t<div class=\"elementor-accordion-item\">\n\t\t\t\t\t<div id=\"elementor-tab-title-2604\" class=\"elementor-tab-title\" data-tab=\"4\" role=\"button\" aria-controls=\"elementor-tab-content-2604\" aria-expanded=\"false\">\n\t\t\t\t\t\t\t\t\t\t\t\t\t<span class=\"elementor-accordion-icon elementor-accordion-icon-left\" aria-hidden=\"true\">\n\t\t\t\t\t\t\t\t\t\t\t\t\t\t\t<span class=\"elementor-accordion-icon-closed\"><i class=\"fas fa-plus\"><\/i><\/span>\n\t\t\t\t\t\t\t\t<span class=\"elementor-accordion-icon-opened\"><i class=\"fas fa-minus\"><\/i><\/span>\n\t\t\t\t\t\t\t\t\t\t\t\t\t\t<\/span>\n\t\t\t\t\t\t\t\t\t\t\t\t<a class=\"elementor-accordion-title\" tabindex=\"0\">Plato tradicional: Tarta de Santiago<\/a>\n\t\t\t\t\t<\/div>\n\t\t\t\t\t<div id=\"elementor-tab-content-2604\" class=\"elementor-tab-content elementor-clearfix\" data-tab=\"4\" role=\"region\" aria-labelledby=\"elementor-tab-title-2604\"><p><span style=\"font-weight: 400;\"><strong>Fusi\u00f3n moderna:<\/strong> \u00abTarta de Santiago con sorpresa\u00bb presentada como un mousse de almendra con coraz\u00f3n de coulis de frambuesa y crumble de nueces, ofreciendo una experiencia de sabor m\u00e1s liviana y sorprendente.<\/span><\/p><\/div>\n\t\t\t\t<\/div>\n\t\t\t\t\t\t\t<div class=\"elementor-accordion-item\">\n\t\t\t\t\t<div id=\"elementor-tab-title-2605\" class=\"elementor-tab-title\" data-tab=\"5\" role=\"button\" aria-controls=\"elementor-tab-content-2605\" aria-expanded=\"false\">\n\t\t\t\t\t\t\t\t\t\t\t\t\t<span class=\"elementor-accordion-icon elementor-accordion-icon-left\" aria-hidden=\"true\">\n\t\t\t\t\t\t\t\t\t\t\t\t\t\t\t<span class=\"elementor-accordion-icon-closed\"><i class=\"fas fa-plus\"><\/i><\/span>\n\t\t\t\t\t\t\t\t<span class=\"elementor-accordion-icon-opened\"><i class=\"fas fa-minus\"><\/i><\/span>\n\t\t\t\t\t\t\t\t\t\t\t\t\t\t<\/span>\n\t\t\t\t\t\t\t\t\t\t\t\t<a class=\"elementor-accordion-title\" tabindex=\"0\">Plato tradicional: Pimientos de Padr\u00f3n<\/a>\n\t\t\t\t\t<\/div>\n\t\t\t\t\t<div id=\"elementor-tab-content-2605\" class=\"elementor-tab-content elementor-clearfix\" data-tab=\"5\" role=\"region\" aria-labelledby=\"elementor-tab-title-2605\"><p><span style=\"font-weight: 400;\"><strong>Fusi\u00f3n moderna:<\/strong> \u00abCrujientes de Padr\u00f3n\u00bb con pimientos rellenos de queso de tetilla y envueltos en hojaldre crujiente, servidos con una reducci\u00f3n de vino albari\u00f1o.<\/span><\/p><\/div>\n\t\t\t\t<\/div>\n\t\t\t\t\t\t\t\t<\/div>\n\t\t\t\t\t\t<\/div>\n\t\t\t\t<\/div>\n\t\t\t\t\t<\/div>\n\t\t<\/div>\n\t\t\t\t\t<\/div>\n\t\t<\/section>\n\t\t\t\t<section class=\"elementor-section elementor-top-section elementor-element elementor-element-1888cae elementor-section-boxed elementor-section-height-default elementor-section-height-default\" data-id=\"1888cae\" data-element_type=\"section\" data-e-type=\"section\">\n\t\t\t\t\t\t<div class=\"elementor-container elementor-column-gap-default\">\n\t\t\t\t\t<div class=\"elementor-column elementor-col-100 elementor-top-column elementor-element elementor-element-ff5eb16\" data-id=\"ff5eb16\" data-element_type=\"column\" data-e-type=\"column\">\n\t\t\t<div class=\"elementor-widget-wrap elementor-element-populated\">\n\t\t\t\t\t\t<div class=\"elementor-element elementor-element-9314034 elementor-widget elementor-widget-spacer\" data-id=\"9314034\" data-element_type=\"widget\" data-e-type=\"widget\" data-widget_type=\"spacer.default\">\n\t\t\t\t<div class=\"elementor-widget-container\">\n\t\t\t\t\t\t\t<div class=\"elementor-spacer\">\n\t\t\t<div class=\"elementor-spacer-inner\"><\/div>\n\t\t<\/div>\n\t\t\t\t\t\t<\/div>\n\t\t\t\t<\/div>\n\t\t\t\t\t<\/div>\n\t\t<\/div>\n\t\t\t\t\t<\/div>\n\t\t<\/section>\n\t\t\t\t<section class=\"elementor-section elementor-top-section elementor-element elementor-element-72b7346 elementor-section-boxed elementor-section-height-default elementor-section-height-default\" data-id=\"72b7346\" data-element_type=\"section\" data-e-type=\"section\">\n\t\t\t\t\t\t<div class=\"elementor-container elementor-column-gap-default\">\n\t\t\t\t\t<div class=\"elementor-column elementor-col-100 elementor-top-column elementor-element elementor-element-07cdc85\" data-id=\"07cdc85\" data-element_type=\"column\" data-e-type=\"column\">\n\t\t\t<div class=\"elementor-widget-wrap elementor-element-populated\">\n\t\t\t\t\t\t<div class=\"elementor-element elementor-element-d248d1f elementor-blockquote--skin-border elementor-widget elementor-widget-blockquote\" data-id=\"d248d1f\" data-element_type=\"widget\" data-e-type=\"widget\" data-widget_type=\"blockquote.default\">\n\t\t\t\t<div class=\"elementor-widget-container\">\n\t\t\t\t\t\t\t<blockquote class=\"elementor-blockquote\">\n\t\t\t<p class=\"elementor-blockquote__content\">\n\t\t\t\tExplorar los secretos culinarios de la Isla de la Toja, significa sumergirse en una mezcla de sabores aut\u00e9nticos, tradici\u00f3n e innovaci\u00f3n. \t\t\t<\/p>\n\t\t\t\t\t<\/blockquote>\n\t\t\t\t\t\t<\/div>\n\t\t\t\t<\/div>\n\t\t\t\t\t<\/div>\n\t\t<\/div>\n\t\t\t\t\t<\/div>\n\t\t<\/section>\n\t\t\t\t<section class=\"elementor-section elementor-top-section elementor-element elementor-element-c61668c elementor-section-boxed elementor-section-height-default elementor-section-height-default\" data-id=\"c61668c\" data-element_type=\"section\" data-e-type=\"section\">\n\t\t\t\t\t\t<div class=\"elementor-container elementor-column-gap-default\">\n\t\t\t\t\t<div class=\"elementor-column elementor-col-100 elementor-top-column elementor-element elementor-element-e9bab34\" data-id=\"e9bab34\" data-element_type=\"column\" data-e-type=\"column\">\n\t\t\t<div class=\"elementor-widget-wrap elementor-element-populated\">\n\t\t\t\t\t\t<div class=\"elementor-element elementor-element-58720c3 elementor-widget elementor-widget-text-editor\" data-id=\"58720c3\" data-element_type=\"widget\" data-e-type=\"widget\" data-widget_type=\"text-editor.default\">\n\t\t\t\t<div class=\"elementor-widget-container\">\n\t\t\t\t\t\t\t\t\t<p><span style=\"font-weight: 400;\">La Isla de la Toja es mucho m\u00e1s que un destino tur\u00edstico. Es un lugar donde la gastronom\u00eda se convierte en una experiencia cultural \u00fanica. Explorar los secretos culinarios de la Isla de la Toja significa sumergirse en una mezcla de sabores aut\u00e9nticos, tradici\u00f3n e innovaci\u00f3n.\u00a0<\/span><\/p><p><span style=\"font-weight: 400;\">Puedes encontrar apartamentos y villas vacacionales en nuestra p\u00e1gina web para distintos destinos, pero si te has quedado con ganas de conocer La Toja, contamos con alquileres vacacionales para conocer esta bonita zona.<\/span><\/p>\t\t\t\t\t\t\t\t<\/div>\n\t\t\t\t<\/div>\n\t\t\t\t\t<\/div>\n\t\t<\/div>\n\t\t\t\t\t<\/div>\n\t\t<\/section>\n\t\t\t\t<section class=\"elementor-section elementor-top-section elementor-element elementor-element-e823083 elementor-section-boxed elementor-section-height-default elementor-section-height-default\" data-id=\"e823083\" data-element_type=\"section\" data-e-type=\"section\">\n\t\t\t\t\t\t<div class=\"elementor-container elementor-column-gap-default\">\n\t\t\t\t\t<div class=\"elementor-column elementor-col-100 elementor-top-column elementor-element elementor-element-7e2931d\" data-id=\"7e2931d\" data-element_type=\"column\" data-e-type=\"column\">\n\t\t\t<div class=\"elementor-widget-wrap elementor-element-populated\">\n\t\t\t\t\t\t<div class=\"elementor-element elementor-element-ebc8a7f elementor-widget elementor-widget-heading\" data-id=\"ebc8a7f\" data-element_type=\"widget\" data-e-type=\"widget\" data-widget_type=\"heading.default\">\n\t\t\t\t<div class=\"elementor-widget-container\">\n\t\t\t\t\t<h2 class=\"elementor-heading-title elementor-size-default\">ALQUILER VACACIONAL EN ISLA DE LA TOJA<\/h2>\t\t\t\t<\/div>\n\t\t\t\t<\/div>\n\t\t\t\t\t<\/div>\n\t\t<\/div>\n\t\t\t\t\t<\/div>\n\t\t<\/section>\n\t\t\t\t<section class=\"elementor-section elementor-top-section elementor-element elementor-element-9b88561 elementor-section-boxed elementor-section-height-default elementor-section-height-default\" data-id=\"9b88561\" data-element_type=\"section\" data-e-type=\"section\">\n\t\t\t\t\t\t<div class=\"elementor-container elementor-column-gap-default\">\n\t\t\t\t\t<div class=\"elementor-column elementor-col-33 elementor-top-column elementor-element elementor-element-24d806e\" data-id=\"24d806e\" data-element_type=\"column\" data-e-type=\"column\">\n\t\t\t<div class=\"elementor-widget-wrap elementor-element-populated\">\n\t\t\t\t\t\t<div class=\"elementor-element elementor-element-7590179 elementor--h-position-center elementor--v-position-middle elementor-arrows-position-inside elementor-pagination-position-inside elementor-widget elementor-widget-slides\" data-id=\"7590179\" data-element_type=\"widget\" data-e-type=\"widget\" data-settings=\"{&quot;navigation&quot;:&quot;both&quot;,&quot;autoplay&quot;:&quot;yes&quot;,&quot;pause_on_hover&quot;:&quot;yes&quot;,&quot;pause_on_interaction&quot;:&quot;yes&quot;,&quot;autoplay_speed&quot;:5000,&quot;infinite&quot;:&quot;yes&quot;,&quot;transition&quot;:&quot;slide&quot;,&quot;transition_speed&quot;:500}\" data-widget_type=\"slides.default\">\n\t\t\t\t<div class=\"elementor-widget-container\">\n\t\t\t\t\t\t\t\t\t<div class=\"elementor-swiper\">\n\t\t\t\t\t<div class=\"elementor-slides-wrapper elementor-main-swiper swiper\" role=\"region\" aria-roledescription=\"carousel\" aria-label=\"Diapositivas\" dir=\"ltr\" data-animation=\"fadeInUp\">\n\t\t\t\t<div class=\"swiper-wrapper elementor-slides\">\n\t\t\t\t\t\t\t\t\t\t<div class=\"elementor-repeater-item-86202f0 swiper-slide\" role=\"group\" aria-roledescription=\"slide\"><div class=\"swiper-slide-bg\" role=\"img\" aria-label=\"VIVIENDA ALQUILER VACACIONAL - ISLA DE LA TOJA\"><\/div><div class=\"elementor-background-overlay\"><\/div><a class=\"swiper-slide-inner\" href=\"https:\/\/www.villalia.com\/alquiler\/apartamento-isla-de-la-toja-vivienda-planta-baja-la-toja-p9-400726.html\" target=\"_blank\"><div class=\"swiper-slide-contents\"><div  class=\"elementor-button elementor-slide-button elementor-size-md\">VIVIENDA LA TOJA<\/div><\/div><\/a><\/div>\t\t\t\t<\/div>\n\t\t\t\t\t\t\t<\/div>\n\t\t\t\t<\/div>\n\t\t\t\t\t\t\t\t<\/div>\n\t\t\t\t<\/div>\n\t\t\t\t\t<\/div>\n\t\t<\/div>\n\t\t\t\t<div class=\"elementor-column elementor-col-33 elementor-top-column elementor-element elementor-element-e90ca57\" data-id=\"e90ca57\" data-element_type=\"column\" data-e-type=\"column\">\n\t\t\t<div class=\"elementor-widget-wrap elementor-element-populated\">\n\t\t\t\t\t\t<div class=\"elementor-element elementor-element-995ac80 elementor--h-position-center elementor--v-position-middle elementor-arrows-position-inside elementor-pagination-position-inside elementor-widget elementor-widget-slides\" data-id=\"995ac80\" data-element_type=\"widget\" data-e-type=\"widget\" data-settings=\"{&quot;navigation&quot;:&quot;both&quot;,&quot;autoplay&quot;:&quot;yes&quot;,&quot;pause_on_hover&quot;:&quot;yes&quot;,&quot;pause_on_interaction&quot;:&quot;yes&quot;,&quot;autoplay_speed&quot;:5000,&quot;infinite&quot;:&quot;yes&quot;,&quot;transition&quot;:&quot;slide&quot;,&quot;transition_speed&quot;:500}\" data-widget_type=\"slides.default\">\n\t\t\t\t<div class=\"elementor-widget-container\">\n\t\t\t\t\t\t\t\t\t<div class=\"elementor-swiper\">\n\t\t\t\t\t<div class=\"elementor-slides-wrapper elementor-main-swiper swiper\" role=\"region\" aria-roledescription=\"carousel\" aria-label=\"Diapositivas\" dir=\"ltr\" data-animation=\"fadeInUp\">\n\t\t\t\t<div class=\"swiper-wrapper elementor-slides\">\n\t\t\t\t\t\t\t\t\t\t<div class=\"elementor-repeater-item-17d1595 swiper-slide\" role=\"group\" aria-roledescription=\"slide\"><div class=\"swiper-slide-bg\" role=\"img\" aria-label=\"ALQUILER VACACIONAL ISLA DE LA TOJA - GALICIA - \u00c1TICO\"><\/div><div class=\"elementor-background-overlay\"><\/div><a class=\"swiper-slide-inner\" href=\"https:\/\/www.villalia.com\/alquiler\/apartamento-isla-de-la-toja-atico-en-isla-de-la-toja-p9-400744.html\" target=\"_blank\"><div class=\"swiper-slide-contents\"><div  class=\"elementor-button elementor-slide-button elementor-size-sm\">\u00c1TICO ISLA DE LA TOJA<\/div><\/div><\/a><\/div>\t\t\t\t<\/div>\n\t\t\t\t\t\t\t<\/div>\n\t\t\t\t<\/div>\n\t\t\t\t\t\t\t\t<\/div>\n\t\t\t\t<\/div>\n\t\t\t\t\t<\/div>\n\t\t<\/div>\n\t\t\t\t<div class=\"elementor-column elementor-col-33 elementor-top-column elementor-element elementor-element-927a39c\" data-id=\"927a39c\" data-element_type=\"column\" data-e-type=\"column\">\n\t\t\t<div class=\"elementor-widget-wrap elementor-element-populated\">\n\t\t\t\t\t\t<div class=\"elementor-element elementor-element-d8b1f5a elementor--h-position-center elementor--v-position-middle elementor-arrows-position-inside elementor-pagination-position-inside elementor-widget elementor-widget-slides\" data-id=\"d8b1f5a\" data-element_type=\"widget\" data-e-type=\"widget\" data-settings=\"{&quot;navigation&quot;:&quot;both&quot;,&quot;autoplay&quot;:&quot;yes&quot;,&quot;pause_on_hover&quot;:&quot;yes&quot;,&quot;pause_on_interaction&quot;:&quot;yes&quot;,&quot;autoplay_speed&quot;:5000,&quot;infinite&quot;:&quot;yes&quot;,&quot;transition&quot;:&quot;slide&quot;,&quot;transition_speed&quot;:500}\" data-widget_type=\"slides.default\">\n\t\t\t\t<div class=\"elementor-widget-container\">\n\t\t\t\t\t\t\t\t\t<div class=\"elementor-swiper\">\n\t\t\t\t\t<div class=\"elementor-slides-wrapper elementor-main-swiper swiper\" role=\"region\" aria-roledescription=\"carousel\" aria-label=\"Diapositivas\" dir=\"ltr\" data-animation=\"fadeInUp\">\n\t\t\t\t<div class=\"swiper-wrapper elementor-slides\">\n\t\t\t\t\t\t\t\t\t\t<div class=\"elementor-repeater-item-672e1aa swiper-slide\" role=\"group\" aria-roledescription=\"slide\"><div class=\"swiper-slide-bg\" role=\"img\" aria-label=\"alquiler vacacional isla de la toja. Chalet isla de la toja\"><\/div><div class=\"elementor-background-overlay\"><\/div><a class=\"swiper-slide-inner\" href=\"https:\/\/www.villalia.com\/alquiler\/chalet-isla-de-la-toja-chalet-en-isla-de-la-toja-400665.html\" target=\"_blank\"><div class=\"swiper-slide-contents\"><div  class=\"elementor-button elementor-slide-button elementor-size-sm\">CHALET ISLA DE LA TOJA<\/div><\/div><\/a><\/div>\t\t\t\t<\/div>\n\t\t\t\t\t\t\t<\/div>\n\t\t\t\t<\/div>\n\t\t\t\t\t\t\t\t<\/div>\n\t\t\t\t<\/div>\n\t\t\t\t\t<\/div>\n\t\t<\/div>\n\t\t\t\t\t<\/div>\n\t\t<\/section>\n\t\t\t\t<section class=\"elementor-section elementor-top-section elementor-element elementor-element-3433e36 elementor-section-boxed elementor-section-height-default elementor-section-height-default\" data-id=\"3433e36\" data-element_type=\"section\" data-e-type=\"section\">\n\t\t\t\t\t\t<div class=\"elementor-container elementor-column-gap-default\">\n\t\t\t\t\t<div class=\"elementor-column elementor-col-100 elementor-top-column elementor-element elementor-element-2cf9678\" data-id=\"2cf9678\" data-element_type=\"column\" data-e-type=\"column\">\n\t\t\t<div class=\"elementor-widget-wrap elementor-element-populated\">\n\t\t\t\t\t\t<div class=\"elementor-element elementor-element-5f36b6c elementor-widget elementor-widget-heading\" data-id=\"5f36b6c\" data-element_type=\"widget\" data-e-type=\"widget\" data-widget_type=\"heading.default\">\n\t\t\t\t<div class=\"elementor-widget-container\">\n\t\t\t\t\t<h2 class=\"elementor-heading-title elementor-size-default\">OTROS DESTINOS DE VILLALIA<\/h2>\t\t\t\t<\/div>\n\t\t\t\t<\/div>\n\t\t\t\t\t<\/div>\n\t\t<\/div>\n\t\t\t\t\t<\/div>\n\t\t<\/section>\n\t\t\t\t<section class=\"elementor-section elementor-top-section elementor-element elementor-element-f1ef3b7 elementor-section-boxed elementor-section-height-default elementor-section-height-default\" data-id=\"f1ef3b7\" data-element_type=\"section\" data-e-type=\"section\">\n\t\t\t\t\t\t<div class=\"elementor-container elementor-column-gap-default\">\n\t\t\t\t\t<div class=\"elementor-column elementor-col-100 elementor-top-column elementor-element elementor-element-51d55bd\" data-id=\"51d55bd\" data-element_type=\"column\" data-e-type=\"column\" data-settings=\"{&quot;background_background&quot;:&quot;classic&quot;}\">\n\t\t\t<div class=\"elementor-widget-wrap elementor-element-populated\">\n\t\t\t\t\t\t<div class=\"elementor-element elementor-element-65dbaf8 elementor--h-position-center elementor--v-position-middle elementor-arrows-position-inside elementor-pagination-position-inside elementor-widget elementor-widget-slides\" data-id=\"65dbaf8\" data-element_type=\"widget\" data-e-type=\"widget\" data-settings=\"{&quot;navigation&quot;:&quot;both&quot;,&quot;autoplay&quot;:&quot;yes&quot;,&quot;pause_on_hover&quot;:&quot;yes&quot;,&quot;pause_on_interaction&quot;:&quot;yes&quot;,&quot;autoplay_speed&quot;:5000,&quot;infinite&quot;:&quot;yes&quot;,&quot;transition&quot;:&quot;slide&quot;,&quot;transition_speed&quot;:500}\" data-widget_type=\"slides.default\">\n\t\t\t\t<div class=\"elementor-widget-container\">\n\t\t\t\t\t\t\t\t\t<div class=\"elementor-swiper\">\n\t\t\t\t\t<div class=\"elementor-slides-wrapper elementor-main-swiper swiper\" role=\"region\" aria-roledescription=\"carousel\" aria-label=\"Diapositivas\" dir=\"ltr\" data-animation=\"fadeInUp\">\n\t\t\t\t<div class=\"swiper-wrapper elementor-slides\">\n\t\t\t\t\t\t\t\t\t\t<div class=\"elementor-repeater-item-41fd3b1 swiper-slide\" role=\"group\" aria-roledescription=\"slide\"><div class=\"swiper-slide-bg\" role=\"img\" aria-label=\"alquiler vacacional en lanzarote\"><\/div><div class=\"elementor-background-overlay\"><\/div><a class=\"swiper-slide-inner\" href=\"https:\/\/www.villalia.com\/\" target=\"_blank\"><div class=\"swiper-slide-contents\"><div  class=\"elementor-button elementor-slide-button elementor-size-xl\">VISITA NUESTROS DESTINOS<\/div><\/div><\/a><\/div>\t\t\t\t<\/div>\n\t\t\t\t\t\t\t<\/div>\n\t\t\t\t<\/div>\n\t\t\t\t\t\t\t\t<\/div>\n\t\t\t\t<\/div>\n\t\t\t\t\t<\/div>\n\t\t<\/div>\n\t\t\t\t\t<\/div>\n\t\t<\/section>\n\t\t\t\t<section class=\"elementor-section elementor-top-section elementor-element elementor-element-6f57413 elementor-section-boxed elementor-section-height-default elementor-section-height-default\" data-id=\"6f57413\" data-element_type=\"section\" data-e-type=\"section\">\n\t\t\t\t\t\t<div class=\"elementor-container elementor-column-gap-default\">\n\t\t\t\t\t<div class=\"elementor-column elementor-col-50 elementor-top-column elementor-element elementor-element-a45b7dc\" data-id=\"a45b7dc\" data-element_type=\"column\" data-e-type=\"column\">\n\t\t\t<div class=\"elementor-widget-wrap elementor-element-populated\">\n\t\t\t\t\t\t<div class=\"elementor-element elementor-element-a39ab0d elementor-widget elementor-widget-image\" data-id=\"a39ab0d\" data-element_type=\"widget\" data-e-type=\"widget\" data-widget_type=\"image.default\">\n\t\t\t\t<div class=\"elementor-widget-container\">\n\t\t\t\t\t\t\t\t\t\t\t\t\t\t\t\t<a href=\"https:\/\/www.villalia.com\/contacto\/\">\n\t\t\t\t\t\t\t<img decoding=\"async\" width=\"150\" height=\"50\" src=\"https:\/\/www.villalia.com\/blog\/wp-content\/uploads\/2023\/07\/Avenir-light.png\" class=\"attachment-large size-large wp-image-743\" alt=\"icono contacto villalia\" \/>\t\t\t\t\t\t\t\t<\/a>\n\t\t\t\t\t\t\t\t\t\t\t\t\t\t\t<\/div>\n\t\t\t\t<\/div>\n\t\t\t\t\t<\/div>\n\t\t<\/div>\n\t\t\t\t<div class=\"elementor-column elementor-col-50 elementor-top-column elementor-element elementor-element-863eef0\" data-id=\"863eef0\" data-element_type=\"column\" data-e-type=\"column\">\n\t\t\t<div class=\"elementor-widget-wrap elementor-element-populated\">\n\t\t\t\t\t\t<div class=\"elementor-element elementor-element-444350c elementor-share-buttons--view-icon elementor-share-buttons--shape-circle elementor-share-buttons--skin-gradient elementor-grid-0 elementor-share-buttons--color-official elementor-widget elementor-widget-share-buttons\" data-id=\"444350c\" data-element_type=\"widget\" data-e-type=\"widget\" data-widget_type=\"share-buttons.default\">\n\t\t\t\t<div class=\"elementor-widget-container\">\n\t\t\t\t\t\t\t<div class=\"elementor-grid\" role=\"list\">\n\t\t\t\t\t\t\t\t<div class=\"elementor-grid-item\" role=\"listitem\">\n\t\t\t\t\t\t<div class=\"elementor-share-btn elementor-share-btn_facebook\" role=\"button\" tabindex=\"0\" aria-label=\"Compartir en facebook\">\n\t\t\t\t\t\t\t\t\t\t\t\t\t\t\t<span class=\"elementor-share-btn__icon\">\n\t\t\t\t\t\t\t\t<i class=\"fab fa-facebook\" aria-hidden=\"true\"><\/i>\t\t\t\t\t\t\t<\/span>\n\t\t\t\t\t\t\t\t\t\t\t\t\t\t\t\t\t\t\t\t<\/div>\n\t\t\t\t\t<\/div>\n\t\t\t\t\t\t\t\t\t<div class=\"elementor-grid-item\" role=\"listitem\">\n\t\t\t\t\t\t<div class=\"elementor-share-btn elementor-share-btn_twitter\" role=\"button\" tabindex=\"0\" aria-label=\"Compartir en twitter\">\n\t\t\t\t\t\t\t\t\t\t\t\t\t\t\t<span class=\"elementor-share-btn__icon\">\n\t\t\t\t\t\t\t\t<i class=\"fab fa-twitter\" aria-hidden=\"true\"><\/i>\t\t\t\t\t\t\t<\/span>\n\t\t\t\t\t\t\t\t\t\t\t\t\t\t\t\t\t\t\t\t<\/div>\n\t\t\t\t\t<\/div>\n\t\t\t\t\t\t\t\t\t<div class=\"elementor-grid-item\" role=\"listitem\">\n\t\t\t\t\t\t<div class=\"elementor-share-btn elementor-share-btn_linkedin\" role=\"button\" tabindex=\"0\" aria-label=\"Compartir en linkedin\">\n\t\t\t\t\t\t\t\t\t\t\t\t\t\t\t<span class=\"elementor-share-btn__icon\">\n\t\t\t\t\t\t\t\t<i class=\"fab fa-linkedin\" aria-hidden=\"true\"><\/i>\t\t\t\t\t\t\t<\/span>\n\t\t\t\t\t\t\t\t\t\t\t\t\t\t\t\t\t\t\t\t<\/div>\n\t\t\t\t\t<\/div>\n\t\t\t\t\t\t\t\t\t<div class=\"elementor-grid-item\" role=\"listitem\">\n\t\t\t\t\t\t<div class=\"elementor-share-btn elementor-share-btn_whatsapp\" role=\"button\" tabindex=\"0\" aria-label=\"Compartir en whatsapp\">\n\t\t\t\t\t\t\t\t\t\t\t\t\t\t\t<span class=\"elementor-share-btn__icon\">\n\t\t\t\t\t\t\t\t<i class=\"fab fa-whatsapp\" aria-hidden=\"true\"><\/i>\t\t\t\t\t\t\t<\/span>\n\t\t\t\t\t\t\t\t\t\t\t\t\t\t\t\t\t\t\t\t<\/div>\n\t\t\t\t\t<\/div>\n\t\t\t\t\t\t\t\t\t<div class=\"elementor-grid-item\" role=\"listitem\">\n\t\t\t\t\t\t<div class=\"elementor-share-btn elementor-share-btn_email\" role=\"button\" tabindex=\"0\" aria-label=\"Compartir en email\">\n\t\t\t\t\t\t\t\t\t\t\t\t\t\t\t<span class=\"elementor-share-btn__icon\">\n\t\t\t\t\t\t\t\t<i class=\"fas fa-envelope\" aria-hidden=\"true\"><\/i>\t\t\t\t\t\t\t<\/span>\n\t\t\t\t\t\t\t\t\t\t\t\t\t\t\t\t\t\t\t\t<\/div>\n\t\t\t\t\t<\/div>\n\t\t\t\t\t\t<\/div>\n\t\t\t\t\t\t<\/div>\n\t\t\t\t<\/div>\n\t\t\t\t\t<\/div>\n\t\t<\/div>\n\t\t\t\t\t<\/div>\n\t\t<\/section>\n\t\t\t\t<\/div>\n\t\t","protected":false},"excerpt":{"rendered":"<p>Disfrutar\u00e1s de tus vacaciones en La Toja si eres amante de la buena comida y la gastronom\u00eda local. Un aut\u00e9ntico&#8230;<\/p>\n","protected":false},"author":2,"featured_media":867,"comment_status":"closed","ping_status":"open","sticky":false,"template":"","format":"standard","meta":{"footnotes":""},"categories":[35,27,32],"tags":[],"class_list":["post-783","post","type-post","status-publish","format-standard","has-post-thumbnail","hentry","category-galicia","category-gastronomia","category-la-toja-turismo"],"yoast_head":"<!-- This site is optimized with the Yoast SEO plugin v27.5 - https:\/\/yoast.com\/product\/yoast-seo-wordpress\/ -->\n<title>Alquiler de vacaciones La Toja<\/title>\n<meta name=\"description\" content=\"Alquila propiedades para tus vacaciones en La Toja y sum\u00e9rgete en una mezcla de sabores aut\u00e9nticos, tradici\u00f3n e innovaci\u00f3n de su gastronom\u00eda.\" \/>\n<meta name=\"robots\" content=\"index, follow, max-snippet:-1, max-image-preview:large, max-video-preview:-1\" \/>\n<link rel=\"canonical\" href=\"https:\/\/www.villalia.com\/blog\/vacaciones-la-toja-sercretos-culinarios\/\" \/>\n<meta property=\"og:locale\" content=\"es_ES\" \/>\n<meta property=\"og:type\" content=\"article\" \/>\n<meta property=\"og:title\" content=\"Alquiler de vacaciones La Toja\" \/>\n<meta property=\"og:description\" content=\"Alquila propiedades para tus vacaciones en La Toja y sum\u00e9rgete en una mezcla de sabores aut\u00e9nticos, tradici\u00f3n e innovaci\u00f3n de su gastronom\u00eda.\" \/>\n<meta property=\"og:url\" content=\"https:\/\/www.villalia.com\/blog\/vacaciones-la-toja-sercretos-culinarios\/\" \/>\n<meta property=\"og:site_name\" content=\"Blog\" \/>\n<meta property=\"article:published_time\" content=\"2023-10-20T10:13:22+00:00\" \/>\n<meta property=\"article:modified_time\" content=\"2023-10-20T10:13:24+00:00\" \/>\n<meta property=\"og:image\" content=\"https:\/\/www.villalia.com\/blog\/wp-content\/uploads\/2023\/08\/portadas-web.png\" \/>\n\t<meta property=\"og:image:width\" content=\"970\" \/>\n\t<meta property=\"og:image:height\" content=\"250\" \/>\n\t<meta property=\"og:image:type\" content=\"image\/png\" \/>\n<meta name=\"author\" content=\"villalia\" \/>\n<meta name=\"twitter:card\" content=\"summary_large_image\" \/>\n<meta name=\"twitter:label1\" content=\"Escrito por\" \/>\n\t<meta name=\"twitter:data1\" content=\"villalia\" \/>\n\t<meta name=\"twitter:label2\" content=\"Tiempo de lectura\" \/>\n\t<meta name=\"twitter:data2\" content=\"5 minutos\" \/>\n<script type=\"application\/ld+json\" class=\"yoast-schema-graph\">{\"@context\":\"https:\\\/\\\/schema.org\",\"@graph\":[{\"@type\":\"Article\",\"@id\":\"https:\\\/\\\/www.villalia.com\\\/blog\\\/vacaciones-la-toja-sercretos-culinarios\\\/#article\",\"isPartOf\":{\"@id\":\"https:\\\/\\\/www.villalia.com\\\/blog\\\/vacaciones-la-toja-sercretos-culinarios\\\/\"},\"author\":{\"name\":\"villalia\",\"@id\":\"https:\\\/\\\/www.villalia.com\\\/blog\\\/#\\\/schema\\\/person\\\/0973338fbef6aa0be263960c61d6ee06\"},\"headline\":\"VACACIONES EN LA TOJA: Explora sus secretos culinarios\",\"datePublished\":\"2023-10-20T10:13:22+00:00\",\"dateModified\":\"2023-10-20T10:13:24+00:00\",\"mainEntityOfPage\":{\"@id\":\"https:\\\/\\\/www.villalia.com\\\/blog\\\/vacaciones-la-toja-sercretos-culinarios\\\/\"},\"wordCount\":1008,\"image\":{\"@id\":\"https:\\\/\\\/www.villalia.com\\\/blog\\\/vacaciones-la-toja-sercretos-culinarios\\\/#primaryimage\"},\"thumbnailUrl\":\"https:\\\/\\\/www.villalia.com\\\/blog\\\/wp-content\\\/uploads\\\/2023\\\/08\\\/portadas-web.png\",\"articleSection\":[\"Galicia\",\"Gastronomia\",\"La Toja\"],\"inLanguage\":\"es\"},{\"@type\":\"WebPage\",\"@id\":\"https:\\\/\\\/www.villalia.com\\\/blog\\\/vacaciones-la-toja-sercretos-culinarios\\\/\",\"url\":\"https:\\\/\\\/www.villalia.com\\\/blog\\\/vacaciones-la-toja-sercretos-culinarios\\\/\",\"name\":\"Alquiler de vacaciones La Toja\",\"isPartOf\":{\"@id\":\"https:\\\/\\\/www.villalia.com\\\/blog\\\/#website\"},\"primaryImageOfPage\":{\"@id\":\"https:\\\/\\\/www.villalia.com\\\/blog\\\/vacaciones-la-toja-sercretos-culinarios\\\/#primaryimage\"},\"image\":{\"@id\":\"https:\\\/\\\/www.villalia.com\\\/blog\\\/vacaciones-la-toja-sercretos-culinarios\\\/#primaryimage\"},\"thumbnailUrl\":\"https:\\\/\\\/www.villalia.com\\\/blog\\\/wp-content\\\/uploads\\\/2023\\\/08\\\/portadas-web.png\",\"datePublished\":\"2023-10-20T10:13:22+00:00\",\"dateModified\":\"2023-10-20T10:13:24+00:00\",\"author\":{\"@id\":\"https:\\\/\\\/www.villalia.com\\\/blog\\\/#\\\/schema\\\/person\\\/0973338fbef6aa0be263960c61d6ee06\"},\"description\":\"Alquila propiedades para tus vacaciones en La Toja y sum\u00e9rgete en una mezcla de sabores aut\u00e9nticos, tradici\u00f3n e innovaci\u00f3n de su gastronom\u00eda.\",\"breadcrumb\":{\"@id\":\"https:\\\/\\\/www.villalia.com\\\/blog\\\/vacaciones-la-toja-sercretos-culinarios\\\/#breadcrumb\"},\"inLanguage\":\"es\",\"potentialAction\":[{\"@type\":\"ReadAction\",\"target\":[\"https:\\\/\\\/www.villalia.com\\\/blog\\\/vacaciones-la-toja-sercretos-culinarios\\\/\"]}]},{\"@type\":\"ImageObject\",\"inLanguage\":\"es\",\"@id\":\"https:\\\/\\\/www.villalia.com\\\/blog\\\/vacaciones-la-toja-sercretos-culinarios\\\/#primaryimage\",\"url\":\"https:\\\/\\\/www.villalia.com\\\/blog\\\/wp-content\\\/uploads\\\/2023\\\/08\\\/portadas-web.png\",\"contentUrl\":\"https:\\\/\\\/www.villalia.com\\\/blog\\\/wp-content\\\/uploads\\\/2023\\\/08\\\/portadas-web.png\",\"width\":970,\"height\":250,\"caption\":\"alquiler vacacional en pontevedra - isla de la toja\"},{\"@type\":\"BreadcrumbList\",\"@id\":\"https:\\\/\\\/www.villalia.com\\\/blog\\\/vacaciones-la-toja-sercretos-culinarios\\\/#breadcrumb\",\"itemListElement\":[{\"@type\":\"ListItem\",\"position\":1,\"name\":\"Home\",\"item\":\"https:\\\/\\\/www.villalia.com\\\/blog\\\/\"},{\"@type\":\"ListItem\",\"position\":2,\"name\":\"VACACIONES EN LA TOJA: Explora sus secretos culinarios\"}]},{\"@type\":\"WebSite\",\"@id\":\"https:\\\/\\\/www.villalia.com\\\/blog\\\/#website\",\"url\":\"https:\\\/\\\/www.villalia.com\\\/blog\\\/\",\"name\":\"Blog\",\"description\":\"Villalia\",\"potentialAction\":[{\"@type\":\"SearchAction\",\"target\":{\"@type\":\"EntryPoint\",\"urlTemplate\":\"https:\\\/\\\/www.villalia.com\\\/blog\\\/?s={search_term_string}\"},\"query-input\":{\"@type\":\"PropertyValueSpecification\",\"valueRequired\":true,\"valueName\":\"search_term_string\"}}],\"inLanguage\":\"es\"},{\"@type\":\"Person\",\"@id\":\"https:\\\/\\\/www.villalia.com\\\/blog\\\/#\\\/schema\\\/person\\\/0973338fbef6aa0be263960c61d6ee06\",\"name\":\"villalia\",\"image\":{\"@type\":\"ImageObject\",\"inLanguage\":\"es\",\"@id\":\"https:\\\/\\\/secure.gravatar.com\\\/avatar\\\/0e6e98d7522f64e16962ccb42ec7bba0359898cc4bb80c3e879426f58ecc2fcd?s=96&d=mm&r=g\",\"url\":\"https:\\\/\\\/secure.gravatar.com\\\/avatar\\\/0e6e98d7522f64e16962ccb42ec7bba0359898cc4bb80c3e879426f58ecc2fcd?s=96&d=mm&r=g\",\"contentUrl\":\"https:\\\/\\\/secure.gravatar.com\\\/avatar\\\/0e6e98d7522f64e16962ccb42ec7bba0359898cc4bb80c3e879426f58ecc2fcd?s=96&d=mm&r=g\",\"caption\":\"villalia\"},\"url\":\"https:\\\/\\\/www.villalia.com\\\/blog\\\/author\\\/villalia\\\/\"}]}<\/script>\n<!-- \/ Yoast SEO plugin. -->","yoast_head_json":{"title":"Alquiler de vacaciones La Toja","description":"Alquila propiedades para tus vacaciones en La Toja y sum\u00e9rgete en una mezcla de sabores aut\u00e9nticos, tradici\u00f3n e innovaci\u00f3n de su gastronom\u00eda.","robots":{"index":"index","follow":"follow","max-snippet":"max-snippet:-1","max-image-preview":"max-image-preview:large","max-video-preview":"max-video-preview:-1"},"canonical":"https:\/\/www.villalia.com\/blog\/vacaciones-la-toja-sercretos-culinarios\/","og_locale":"es_ES","og_type":"article","og_title":"Alquiler de vacaciones La Toja","og_description":"Alquila propiedades para tus vacaciones en La Toja y sum\u00e9rgete en una mezcla de sabores aut\u00e9nticos, tradici\u00f3n e innovaci\u00f3n de su gastronom\u00eda.","og_url":"https:\/\/www.villalia.com\/blog\/vacaciones-la-toja-sercretos-culinarios\/","og_site_name":"Blog","article_published_time":"2023-10-20T10:13:22+00:00","article_modified_time":"2023-10-20T10:13:24+00:00","og_image":[{"width":970,"height":250,"url":"https:\/\/www.villalia.com\/blog\/wp-content\/uploads\/2023\/08\/portadas-web.png","type":"image\/png"}],"author":"villalia","twitter_card":"summary_large_image","twitter_misc":{"Escrito por":"villalia","Tiempo de lectura":"5 minutos"},"schema":{"@context":"https:\/\/schema.org","@graph":[{"@type":"Article","@id":"https:\/\/www.villalia.com\/blog\/vacaciones-la-toja-sercretos-culinarios\/#article","isPartOf":{"@id":"https:\/\/www.villalia.com\/blog\/vacaciones-la-toja-sercretos-culinarios\/"},"author":{"name":"villalia","@id":"https:\/\/www.villalia.com\/blog\/#\/schema\/person\/0973338fbef6aa0be263960c61d6ee06"},"headline":"VACACIONES EN LA TOJA: Explora sus secretos culinarios","datePublished":"2023-10-20T10:13:22+00:00","dateModified":"2023-10-20T10:13:24+00:00","mainEntityOfPage":{"@id":"https:\/\/www.villalia.com\/blog\/vacaciones-la-toja-sercretos-culinarios\/"},"wordCount":1008,"image":{"@id":"https:\/\/www.villalia.com\/blog\/vacaciones-la-toja-sercretos-culinarios\/#primaryimage"},"thumbnailUrl":"https:\/\/www.villalia.com\/blog\/wp-content\/uploads\/2023\/08\/portadas-web.png","articleSection":["Galicia","Gastronomia","La Toja"],"inLanguage":"es"},{"@type":"WebPage","@id":"https:\/\/www.villalia.com\/blog\/vacaciones-la-toja-sercretos-culinarios\/","url":"https:\/\/www.villalia.com\/blog\/vacaciones-la-toja-sercretos-culinarios\/","name":"Alquiler de vacaciones La Toja","isPartOf":{"@id":"https:\/\/www.villalia.com\/blog\/#website"},"primaryImageOfPage":{"@id":"https:\/\/www.villalia.com\/blog\/vacaciones-la-toja-sercretos-culinarios\/#primaryimage"},"image":{"@id":"https:\/\/www.villalia.com\/blog\/vacaciones-la-toja-sercretos-culinarios\/#primaryimage"},"thumbnailUrl":"https:\/\/www.villalia.com\/blog\/wp-content\/uploads\/2023\/08\/portadas-web.png","datePublished":"2023-10-20T10:13:22+00:00","dateModified":"2023-10-20T10:13:24+00:00","author":{"@id":"https:\/\/www.villalia.com\/blog\/#\/schema\/person\/0973338fbef6aa0be263960c61d6ee06"},"description":"Alquila propiedades para tus vacaciones en La Toja y sum\u00e9rgete en una mezcla de sabores aut\u00e9nticos, tradici\u00f3n e innovaci\u00f3n de su gastronom\u00eda.","breadcrumb":{"@id":"https:\/\/www.villalia.com\/blog\/vacaciones-la-toja-sercretos-culinarios\/#breadcrumb"},"inLanguage":"es","potentialAction":[{"@type":"ReadAction","target":["https:\/\/www.villalia.com\/blog\/vacaciones-la-toja-sercretos-culinarios\/"]}]},{"@type":"ImageObject","inLanguage":"es","@id":"https:\/\/www.villalia.com\/blog\/vacaciones-la-toja-sercretos-culinarios\/#primaryimage","url":"https:\/\/www.villalia.com\/blog\/wp-content\/uploads\/2023\/08\/portadas-web.png","contentUrl":"https:\/\/www.villalia.com\/blog\/wp-content\/uploads\/2023\/08\/portadas-web.png","width":970,"height":250,"caption":"alquiler vacacional en pontevedra - isla de la toja"},{"@type":"BreadcrumbList","@id":"https:\/\/www.villalia.com\/blog\/vacaciones-la-toja-sercretos-culinarios\/#breadcrumb","itemListElement":[{"@type":"ListItem","position":1,"name":"Home","item":"https:\/\/www.villalia.com\/blog\/"},{"@type":"ListItem","position":2,"name":"VACACIONES EN LA TOJA: Explora sus secretos culinarios"}]},{"@type":"WebSite","@id":"https:\/\/www.villalia.com\/blog\/#website","url":"https:\/\/www.villalia.com\/blog\/","name":"Blog","description":"Villalia","potentialAction":[{"@type":"SearchAction","target":{"@type":"EntryPoint","urlTemplate":"https:\/\/www.villalia.com\/blog\/?s={search_term_string}"},"query-input":{"@type":"PropertyValueSpecification","valueRequired":true,"valueName":"search_term_string"}}],"inLanguage":"es"},{"@type":"Person","@id":"https:\/\/www.villalia.com\/blog\/#\/schema\/person\/0973338fbef6aa0be263960c61d6ee06","name":"villalia","image":{"@type":"ImageObject","inLanguage":"es","@id":"https:\/\/secure.gravatar.com\/avatar\/0e6e98d7522f64e16962ccb42ec7bba0359898cc4bb80c3e879426f58ecc2fcd?s=96&d=mm&r=g","url":"https:\/\/secure.gravatar.com\/avatar\/0e6e98d7522f64e16962ccb42ec7bba0359898cc4bb80c3e879426f58ecc2fcd?s=96&d=mm&r=g","contentUrl":"https:\/\/secure.gravatar.com\/avatar\/0e6e98d7522f64e16962ccb42ec7bba0359898cc4bb80c3e879426f58ecc2fcd?s=96&d=mm&r=g","caption":"villalia"},"url":"https:\/\/www.villalia.com\/blog\/author\/villalia\/"}]}},"_links":{"self":[{"href":"https:\/\/www.villalia.com\/blog\/wp-json\/wp\/v2\/posts\/783","targetHints":{"allow":["GET"]}}],"collection":[{"href":"https:\/\/www.villalia.com\/blog\/wp-json\/wp\/v2\/posts"}],"about":[{"href":"https:\/\/www.villalia.com\/blog\/wp-json\/wp\/v2\/types\/post"}],"author":[{"embeddable":true,"href":"https:\/\/www.villalia.com\/blog\/wp-json\/wp\/v2\/users\/2"}],"replies":[{"embeddable":true,"href":"https:\/\/www.villalia.com\/blog\/wp-json\/wp\/v2\/comments?post=783"}],"version-history":[{"count":123,"href":"https:\/\/www.villalia.com\/blog\/wp-json\/wp\/v2\/posts\/783\/revisions"}],"predecessor-version":[{"id":937,"href":"https:\/\/www.villalia.com\/blog\/wp-json\/wp\/v2\/posts\/783\/revisions\/937"}],"wp:featuredmedia":[{"embeddable":true,"href":"https:\/\/www.villalia.com\/blog\/wp-json\/wp\/v2\/media\/867"}],"wp:attachment":[{"href":"https:\/\/www.villalia.com\/blog\/wp-json\/wp\/v2\/media?parent=783"}],"wp:term":[{"taxonomy":"category","embeddable":true,"href":"https:\/\/www.villalia.com\/blog\/wp-json\/wp\/v2\/categories?post=783"},{"taxonomy":"post_tag","embeddable":true,"href":"https:\/\/www.villalia.com\/blog\/wp-json\/wp\/v2\/tags?post=783"}],"curies":[{"name":"wp","href":"https:\/\/api.w.org\/{rel}","templated":true}]}}