{"id":307,"date":"2023-05-24T13:39:00","date_gmt":"2023-05-24T13:39:00","guid":{"rendered":"https:\/\/www.villalia.com\/blog\/?p=307"},"modified":"2023-05-26T08:23:39","modified_gmt":"2023-05-26T08:23:39","slug":"que-ver-en-fuerteventura","status":"publish","type":"post","link":"https:\/\/www.villalia.com\/blog\/que-ver-en-fuerteventura\/","title":{"rendered":"\u00bfQu\u00e9 ver en Fuerteventura? La gu\u00eda definitiva."},"content":{"rendered":"\t\t<div data-elementor-type=\"wp-post\" data-elementor-id=\"307\" class=\"elementor elementor-307\" data-elementor-post-type=\"post\">\n\t\t\t\t\t\t<section class=\"elementor-section elementor-top-section elementor-element elementor-element-4f938d2 elementor-section-boxed elementor-section-height-default elementor-section-height-default\" data-id=\"4f938d2\" data-element_type=\"section\" data-e-type=\"section\">\n\t\t\t\t\t\t<div class=\"elementor-container elementor-column-gap-default\">\n\t\t\t\t\t<div class=\"elementor-column elementor-col-100 elementor-top-column elementor-element elementor-element-038d735\" data-id=\"038d735\" data-element_type=\"column\" data-e-type=\"column\">\n\t\t\t<div class=\"elementor-widget-wrap elementor-element-populated\">\n\t\t\t\t\t\t<div class=\"elementor-element elementor-element-bce9c99 elementor-widget elementor-widget-heading\" data-id=\"bce9c99\" data-element_type=\"widget\" data-e-type=\"widget\" data-widget_type=\"heading.default\">\n\t\t\t\t<div class=\"elementor-widget-container\">\n\t\t\t\t\t<h2 class=\"elementor-heading-title elementor-size-default\">\u00bfQu\u00e9 ver en Fuerteventura?<\/h2>\t\t\t\t<\/div>\n\t\t\t\t<\/div>\n\t\t\t\t<div class=\"elementor-element elementor-element-d5fbe67 elementor-widget elementor-widget-text-editor\" data-id=\"d5fbe67\" data-element_type=\"widget\" data-e-type=\"widget\" data-widget_type=\"text-editor.default\">\n\t\t\t\t<div class=\"elementor-widget-container\">\n\t\t\t\t\t\t\t\t\t<p><span style=\"font-weight: 400;\">Esta es una de las principales preguntas que se hacen aquellos que planean pasar unos d\u00edas disfrutando de este bello destino. \u00bfEs tu caso? La segunda isla m\u00e1s grande del archipi\u00e9lago canario es un para\u00edso lleno de sol, hermosas playas y un tiempo espectacular. No obstante, esto no es lo \u00fanico que tiene para ofrecerte. Sigue leyendo y conoce c\u00f3mo aprovechar al m\u00e1ximo tu <\/span><a href=\"https:\/\/www.villalia.com\/alquiler-villas-fuerteventura\/\"><b>estancia en Fuerteventura<\/b><\/a><span style=\"font-weight: 400;\">.<\/span><\/p>\t\t\t\t\t\t\t\t<\/div>\n\t\t\t\t<\/div>\n\t\t\t\t\t<\/div>\n\t\t<\/div>\n\t\t\t\t\t<\/div>\n\t\t<\/section>\n\t\t\t\t<section class=\"elementor-section elementor-top-section elementor-element elementor-element-17d7c99 elementor-section-boxed elementor-section-height-default elementor-section-height-default\" data-id=\"17d7c99\" data-element_type=\"section\" data-e-type=\"section\">\n\t\t\t\t\t\t<div class=\"elementor-container elementor-column-gap-default\">\n\t\t\t\t\t<div class=\"elementor-column elementor-col-100 elementor-top-column elementor-element elementor-element-b0fab68\" data-id=\"b0fab68\" data-element_type=\"column\" data-e-type=\"column\">\n\t\t\t<div class=\"elementor-widget-wrap elementor-element-populated\">\n\t\t\t\t\t\t<div class=\"elementor-element elementor-element-df298af elementor-widget elementor-widget-heading\" data-id=\"df298af\" data-element_type=\"widget\" data-e-type=\"widget\" data-widget_type=\"heading.default\">\n\t\t\t\t<div class=\"elementor-widget-container\">\n\t\t\t\t\t<h2 class=\"elementor-heading-title elementor-size-default\">Fuerteventura: qu\u00e9 ver por la isla<\/h2>\t\t\t\t<\/div>\n\t\t\t\t<\/div>\n\t\t\t\t<div class=\"elementor-element elementor-element-b7b467b elementor-widget elementor-widget-text-editor\" data-id=\"b7b467b\" data-element_type=\"widget\" data-e-type=\"widget\" data-widget_type=\"text-editor.default\">\n\t\t\t\t<div class=\"elementor-widget-container\">\n\t\t\t\t\t\t\t\t\t<p><span style=\"font-weight: 400;\">Esta joya del Atl\u00e1ntico, ubicada a tan solo unos cientos de kil\u00f3metros de la costa africana, es un espect\u00e1culo para los amantes de la playa, los deportes acu\u00e1ticos y la aventura al aire libre. Con una rica historia que se remonta a la \u00e9poca prehisp\u00e1nica y una naturaleza deslumbrante, <\/span><b>Fuerteventura <\/b><span style=\"font-weight: 400;\">es un destino tur\u00edstico sin igual. Te contamos cu\u00e1les son los puntos clave.<\/span><\/p>\t\t\t\t\t\t\t\t<\/div>\n\t\t\t\t<\/div>\n\t\t\t\t\t<\/div>\n\t\t<\/div>\n\t\t\t\t\t<\/div>\n\t\t<\/section>\n\t\t\t\t<section class=\"elementor-section elementor-top-section elementor-element elementor-element-bdb99bc elementor-section-boxed elementor-section-height-default elementor-section-height-default\" data-id=\"bdb99bc\" data-element_type=\"section\" data-e-type=\"section\" data-settings=\"{&quot;background_background&quot;:&quot;gradient&quot;}\">\n\t\t\t\t\t\t<div class=\"elementor-container elementor-column-gap-default\">\n\t\t\t\t\t<div class=\"elementor-column elementor-col-50 elementor-top-column elementor-element elementor-element-db4d4d6\" data-id=\"db4d4d6\" data-element_type=\"column\" data-e-type=\"column\">\n\t\t\t<div class=\"elementor-widget-wrap elementor-element-populated\">\n\t\t\t\t\t\t<div class=\"elementor-element elementor-element-c1f73ff elementor-widget elementor-widget-heading\" data-id=\"c1f73ff\" data-element_type=\"widget\" data-e-type=\"widget\" data-widget_type=\"heading.default\">\n\t\t\t\t<div class=\"elementor-widget-container\">\n\t\t\t\t\t<h2 class=\"elementor-heading-title elementor-size-default\">1. Tindaya<\/h2>\t\t\t\t<\/div>\n\t\t\t\t<\/div>\n\t\t\t\t<div class=\"elementor-element elementor-element-273ccd7 elementor-widget elementor-widget-text-editor\" data-id=\"273ccd7\" data-element_type=\"widget\" data-e-type=\"widget\" data-widget_type=\"text-editor.default\">\n\t\t\t\t<div class=\"elementor-widget-container\">\n\t\t\t\t\t\t\t\t\t<p><span style=\"color: var( --e-global-color-text ); font-family: var( --e-global-typography-text-font-family ), Sans-serif; font-weight: var( --e-global-typography-text-font-weight ); background-color: transparent;\">Se trata de todo un s\u00edmbolo de la naturaleza salvaje y de la rica historia y cultura de la regi\u00f3n. Esta majestuosa monta\u00f1a de forma c\u00f3nica es un monumento natural que se eleva 400 metros sobre el paisaje \u00e1rido de la isla, con una vista impresionante. Sin embargo, su importancia no se limita a su belleza paisaj\u00edstica. Para los antiguos habitantes de la zona, Tindaya era un sitio sagrado. De hecho, la monta\u00f1a est\u00e1 cubierta de grabados rupestres de incalculable valor arqueol\u00f3gico.<\/span><\/p>\t\t\t\t\t\t\t\t<\/div>\n\t\t\t\t<\/div>\n\t\t\t\t\t<\/div>\n\t\t<\/div>\n\t\t\t\t<div class=\"elementor-column elementor-col-50 elementor-top-column elementor-element elementor-element-4a977d7\" data-id=\"4a977d7\" data-element_type=\"column\" data-e-type=\"column\">\n\t\t\t<div class=\"elementor-widget-wrap elementor-element-populated\">\n\t\t\t\t\t\t<div class=\"elementor-element elementor-element-58b3126 elementor-widget elementor-widget-heading\" data-id=\"58b3126\" data-element_type=\"widget\" data-e-type=\"widget\" data-widget_type=\"heading.default\">\n\t\t\t\t<div class=\"elementor-widget-container\">\n\t\t\t\t\t<h2 class=\"elementor-heading-title elementor-size-default\">2. La isla de Lobos<\/h2>\t\t\t\t<\/div>\n\t\t\t\t<\/div>\n\t\t\t\t<div class=\"elementor-element elementor-element-84f7f39 elementor-widget elementor-widget-text-editor\" data-id=\"84f7f39\" data-element_type=\"widget\" data-e-type=\"widget\" data-widget_type=\"text-editor.default\">\n\t\t\t\t<div class=\"elementor-widget-container\">\n\t\t\t\t\t\t\t\t\t<p>Sin duda, un verdadero tesoro natural volc\u00e1nico que otorga una experiencia \u00fanica de tranquilidad, belleza y aventura. Su nombre proviene de la gran cantidad de lobos marinos que una vez habitaron la isla. Hoy en d\u00eda, es un santuario protegido de vida silvestre que alberga una gran variedad de especies de aves y flora end\u00e9mica.<\/p>\t\t\t\t\t\t\t\t<\/div>\n\t\t\t\t<\/div>\n\t\t\t\t\t<\/div>\n\t\t<\/div>\n\t\t\t\t\t<\/div>\n\t\t<\/section>\n\t\t\t\t<section class=\"elementor-section elementor-top-section elementor-element elementor-element-8c71bfb elementor-section-boxed elementor-section-height-default elementor-section-height-default\" data-id=\"8c71bfb\" data-element_type=\"section\" data-e-type=\"section\">\n\t\t\t\t\t\t<div class=\"elementor-container elementor-column-gap-default\">\n\t\t\t\t\t<div class=\"elementor-column elementor-col-50 elementor-top-column elementor-element elementor-element-790af04\" data-id=\"790af04\" data-element_type=\"column\" data-e-type=\"column\">\n\t\t\t<div class=\"elementor-widget-wrap elementor-element-populated\">\n\t\t\t\t\t\t<div class=\"elementor-element elementor-element-400723e elementor-widget elementor-widget-heading\" data-id=\"400723e\" data-element_type=\"widget\" data-e-type=\"widget\" data-widget_type=\"heading.default\">\n\t\t\t\t<div class=\"elementor-widget-container\">\n\t\t\t\t\t<h2 class=\"elementor-heading-title elementor-size-default\">3. Puerto del Rosario<\/h2>\t\t\t\t<\/div>\n\t\t\t\t<\/div>\n\t\t\t\t<div class=\"elementor-element elementor-element-29f3b8c elementor-widget elementor-widget-text-editor\" data-id=\"29f3b8c\" data-element_type=\"widget\" data-e-type=\"widget\" data-widget_type=\"text-editor.default\">\n\t\t\t\t<div class=\"elementor-widget-container\">\n\t\t\t\t\t\t\t\t\t<p>La capital de Fuerteventura tiene mucho que ofrecerte y, desde luego, resulta una parada imprescindible en el&nbsp;<i>tour<\/i>. No te pierdas la&nbsp;<span style=\"font-weight: bold;\">Iglesia de Nuestra Se\u00f1ora del Rosario<\/span>&nbsp;(construida en el siglo XIX), la casa del famoso escritor espa\u00f1ol&nbsp;<span style=\"font-weight: bold;\">Miguel de Unamuno<\/span>, el parque escult\u00f3rico o el&nbsp;<span style=\"font-weight: bold;\">ecomuseo La Alcogida<\/span>, por citar solo algunos ejemplos.<\/p>\t\t\t\t\t\t\t\t<\/div>\n\t\t\t\t<\/div>\n\t\t\t\t\t<\/div>\n\t\t<\/div>\n\t\t\t\t<div class=\"elementor-column elementor-col-50 elementor-top-column elementor-element elementor-element-b2bafc8\" data-id=\"b2bafc8\" data-element_type=\"column\" data-e-type=\"column\">\n\t\t\t<div class=\"elementor-widget-wrap elementor-element-populated\">\n\t\t\t\t\t\t<div class=\"elementor-element elementor-element-9e61b1c elementor-widget elementor-widget-heading\" data-id=\"9e61b1c\" data-element_type=\"widget\" data-e-type=\"widget\" data-widget_type=\"heading.default\">\n\t\t\t\t<div class=\"elementor-widget-container\">\n\t\t\t\t\t<h2 class=\"elementor-heading-title elementor-size-default\">4. Morro Jable<\/h2>\t\t\t\t<\/div>\n\t\t\t\t<\/div>\n\t\t\t\t<div class=\"elementor-element elementor-element-76acc42 elementor-widget elementor-widget-text-editor\" data-id=\"76acc42\" data-element_type=\"widget\" data-e-type=\"widget\" data-widget_type=\"text-editor.default\">\n\t\t\t\t<div class=\"elementor-widget-container\">\n\t\t\t\t\t\t\t\t\t<p>En sus or\u00edgenes, era un peque\u00f1o y pintoresco pueblo de pescadores. Sin embargo, en la actualidad, este destino es uno de los m\u00e1s populares entre los turistas. Puedes visitar el\u00a0<span style=\"font-weight: bold;\">Parque Natural de Jand\u00eda<\/span>, disfrutar de la playa del Matorral o recorrer sus numerosas tiendas y restaurantes.<\/p>\t\t\t\t\t\t\t\t<\/div>\n\t\t\t\t<\/div>\n\t\t\t\t\t<\/div>\n\t\t<\/div>\n\t\t\t\t\t<\/div>\n\t\t<\/section>\n\t\t\t\t<section class=\"elementor-section elementor-top-section elementor-element elementor-element-a243918 elementor-section-boxed elementor-section-height-default elementor-section-height-default\" data-id=\"a243918\" data-element_type=\"section\" data-e-type=\"section\">\n\t\t\t\t\t\t<div class=\"elementor-container elementor-column-gap-default\">\n\t\t\t\t\t<div class=\"elementor-column elementor-col-100 elementor-top-column elementor-element elementor-element-e358337\" data-id=\"e358337\" data-element_type=\"column\" data-e-type=\"column\">\n\t\t\t<div class=\"elementor-widget-wrap elementor-element-populated\">\n\t\t\t\t\t\t<div class=\"elementor-element elementor-element-56ab842 elementor-widget elementor-widget-image\" data-id=\"56ab842\" data-element_type=\"widget\" data-e-type=\"widget\" data-widget_type=\"image.default\">\n\t\t\t\t<div class=\"elementor-widget-container\">\n\t\t\t\t\t\t\t\t\t\t\t\t\t\t\t<img fetchpriority=\"high\" decoding=\"async\" width=\"1920\" height=\"600\" src=\"https:\/\/www.villalia.com\/blog\/wp-content\/uploads\/2023\/05\/playas-que-ver-en-Fuerteventura.jpg\" class=\"attachment-full size-full wp-image-335\" alt=\"playas que ver en Fuerteventura\" srcset=\"https:\/\/www.villalia.com\/blog\/wp-content\/uploads\/2023\/05\/playas-que-ver-en-Fuerteventura.jpg 1920w, https:\/\/www.villalia.com\/blog\/wp-content\/uploads\/2023\/05\/playas-que-ver-en-Fuerteventura-768x240.jpg 768w, https:\/\/www.villalia.com\/blog\/wp-content\/uploads\/2023\/05\/playas-que-ver-en-Fuerteventura-1536x480.jpg 1536w\" sizes=\"(max-width: 1920px) 100vw, 1920px\" \/>\t\t\t\t\t\t\t\t\t\t\t\t\t\t\t<\/div>\n\t\t\t\t<\/div>\n\t\t\t\t\t<\/div>\n\t\t<\/div>\n\t\t\t\t\t<\/div>\n\t\t<\/section>\n\t\t\t\t<section class=\"elementor-section elementor-top-section elementor-element elementor-element-4f06e24 elementor-section-boxed elementor-section-height-default elementor-section-height-default\" data-id=\"4f06e24\" data-element_type=\"section\" data-e-type=\"section\">\n\t\t\t\t\t\t<div class=\"elementor-container elementor-column-gap-default\">\n\t\t\t\t\t<div class=\"elementor-column elementor-col-100 elementor-top-column elementor-element elementor-element-3c5b8f5\" data-id=\"3c5b8f5\" data-element_type=\"column\" data-e-type=\"column\">\n\t\t\t<div class=\"elementor-widget-wrap elementor-element-populated\">\n\t\t\t\t\t\t<div class=\"elementor-element elementor-element-5d44dc5 elementor-widget elementor-widget-heading\" data-id=\"5d44dc5\" data-element_type=\"widget\" data-e-type=\"widget\" data-widget_type=\"heading.default\">\n\t\t\t\t<div class=\"elementor-widget-container\">\n\t\t\t\t\t<h2 class=\"elementor-heading-title elementor-size-default\">\u00bfQu\u00e9 ver en Fuerteventura en 4 d\u00edas?\n<\/h2>\t\t\t\t<\/div>\n\t\t\t\t<\/div>\n\t\t\t\t<div class=\"elementor-element elementor-element-a6cc658 elementor-widget elementor-widget-text-editor\" data-id=\"a6cc658\" data-element_type=\"widget\" data-e-type=\"widget\" data-widget_type=\"text-editor.default\">\n\t\t\t\t<div class=\"elementor-widget-container\">\n\t\t\t\t\t\t\t\t\t<p><span style=\"font-weight: 400;\">Si dispones de poco tiempo para conocer la isla, no te preocupes. A continuaci\u00f3n, te contamos <\/span><b>qu\u00e9 ver en Fuerteventura en 4 d\u00edas<\/b><span style=\"font-weight: 400;\">. \u00a1Toma nota!<\/span><\/p><ul><li style=\"font-weight: 400;\" aria-level=\"1\"><span style=\"font-weight: 400;\">Comienza el d\u00eda 1 en la localidad de Corralejo, donde podr\u00e1s explorar el <\/span><b>Parque Natural de las Dunas de Corralejo<\/b><span style=\"font-weight: 400;\">. Este enclave de belleza des\u00e9rtica es ideal para contemplar el hermoso paisaje y practicar deportes acu\u00e1ticos como el surf o el <\/span><i><span style=\"font-weight: 400;\">windsurf<\/span><\/i><span style=\"font-weight: 400;\">. Desde Corralejo tambi\u00e9n tienes la posibilidad de acceder en ferry a la enigm\u00e1tica <\/span><b>isla de Lobos<\/b><span style=\"font-weight: 400;\">.<\/span><\/li><\/ul><ul><li style=\"font-weight: 400;\" aria-level=\"1\"><span style=\"font-weight: 400;\">El segundo d\u00eda es una buena ocasi\u00f3n para adentrarte en el interior. En esta zona encontrar\u00e1s tesoros como <\/span><b>Betancuria<\/b><span style=\"font-weight: 400;\">, una de las poblaciones m\u00e1s antiguas de la isla, anteriormente capital de <\/span><b>Fuerteventura<\/b><span style=\"font-weight: 400;\">. La <\/span><b>Iglesia de Santa Mar\u00eda y el Museo Arqueol\u00f3gico y Etnogr\u00e1fico<\/b><span style=\"font-weight: 400;\"> son paradas muy recomendadas.<\/span><\/li><li style=\"font-weight: 400;\" aria-level=\"1\">Aprovecha el tercer y cuarto d\u00eda para descubrir el encanto del<b style=\"color: var( --e-global-color-text ); font-family: var( --e-global-typography-text-font-family ), Sans-serif; background-color: transparent;\"> sur de Fuerteventura<\/b><span style=\"color: var( --e-global-color-text ); font-family: var( --e-global-typography-text-font-family ), Sans-serif; background-color: transparent;\">. Algunos de los puntos m\u00e1s emblem\u00e1ticos que te recomendamos conocer aqu\u00ed tienen nombre de playa. La de <\/span><b style=\"color: var( --e-global-color-text ); font-family: var( --e-global-typography-text-font-family ), Sans-serif; background-color: transparent;\">Sotavento, la del Mal Nombre y la playa del Cofete<\/b><span style=\"color: var( --e-global-color-text ); font-family: var( --e-global-typography-text-font-family ), Sans-serif; background-color: transparent;\"> son algunas. Sin duda, un estupendo broche de oro para tus vacaciones en la isla.<\/span><\/li><\/ul>\t\t\t\t\t\t\t\t<\/div>\n\t\t\t\t<\/div>\n\t\t\t\t\t<\/div>\n\t\t<\/div>\n\t\t\t\t\t<\/div>\n\t\t<\/section>\n\t\t\t\t<section class=\"elementor-section elementor-top-section elementor-element elementor-element-4b79e43 elementor-section-boxed elementor-section-height-default elementor-section-height-default\" data-id=\"4b79e43\" data-element_type=\"section\" data-e-type=\"section\">\n\t\t\t\t\t\t<div class=\"elementor-container elementor-column-gap-default\">\n\t\t\t\t\t<div class=\"elementor-column elementor-col-100 elementor-top-column elementor-element elementor-element-4cced36\" data-id=\"4cced36\" data-element_type=\"column\" data-e-type=\"column\">\n\t\t\t<div class=\"elementor-widget-wrap elementor-element-populated\">\n\t\t\t\t\t\t<div class=\"elementor-element elementor-element-99073ea elementor-widget elementor-widget-image\" data-id=\"99073ea\" data-element_type=\"widget\" data-e-type=\"widget\" data-widget_type=\"image.default\">\n\t\t\t\t<div class=\"elementor-widget-container\">\n\t\t\t\t\t\t\t\t\t\t\t\t\t\t\t<img decoding=\"async\" src=\"https:\/\/www.villalia.com\/blog\/wp-content\/uploads\/2023\/05\/Rutas-de-Fuerteventura.jpg\" title=\"\" alt=\"Rutas de Fuerteventura\" loading=\"lazy\" \/>\t\t\t\t\t\t\t\t\t\t\t\t\t\t\t<\/div>\n\t\t\t\t<\/div>\n\t\t\t\t\t<\/div>\n\t\t<\/div>\n\t\t\t\t\t<\/div>\n\t\t<\/section>\n\t\t\t\t<section class=\"elementor-section elementor-top-section elementor-element elementor-element-6b1f063 elementor-section-boxed elementor-section-height-default elementor-section-height-default\" data-id=\"6b1f063\" data-element_type=\"section\" data-e-type=\"section\">\n\t\t\t\t\t\t<div class=\"elementor-container elementor-column-gap-default\">\n\t\t\t\t\t<div class=\"elementor-column elementor-col-100 elementor-top-column elementor-element elementor-element-bc31622\" data-id=\"bc31622\" data-element_type=\"column\" data-e-type=\"column\">\n\t\t\t<div class=\"elementor-widget-wrap elementor-element-populated\">\n\t\t\t\t\t\t<div class=\"elementor-element elementor-element-b71406c elementor-widget elementor-widget-heading\" data-id=\"b71406c\" data-element_type=\"widget\" data-e-type=\"widget\" data-widget_type=\"heading.default\">\n\t\t\t\t<div class=\"elementor-widget-container\">\n\t\t\t\t\t<h2 class=\"elementor-heading-title elementor-size-default\">\u00bfQu\u00e9 m\u00e1s hay que ver en Fuerteventura?\n\n<\/h2>\t\t\t\t<\/div>\n\t\t\t\t<\/div>\n\t\t\t\t<div class=\"elementor-element elementor-element-71c7cef elementor-widget elementor-widget-text-editor\" data-id=\"71c7cef\" data-element_type=\"widget\" data-e-type=\"widget\" data-widget_type=\"text-editor.default\">\n\t\t\t\t<div class=\"elementor-widget-container\">\n\t\t\t\t\t\t\t\t\t<p><span style=\"font-weight: 400;\">\u00bfQuieres m\u00e1s cosas que ver en <\/span><b>Fuerteventura<\/b><span style=\"font-weight: 400;\">? \u00a1Te entendemos perfectamente! Echa un ojo al resto de lugares id\u00edlicos que esconde esta isla.<\/span><\/p>\t\t\t\t\t\t\t\t<\/div>\n\t\t\t\t<\/div>\n\t\t\t\t\t<\/div>\n\t\t<\/div>\n\t\t\t\t\t<\/div>\n\t\t<\/section>\n\t\t\t\t<section class=\"elementor-section elementor-top-section elementor-element elementor-element-5138642 elementor-section-boxed elementor-section-height-default elementor-section-height-default\" data-id=\"5138642\" data-element_type=\"section\" data-e-type=\"section\">\n\t\t\t\t\t\t<div class=\"elementor-container elementor-column-gap-default\">\n\t\t\t\t\t<div class=\"elementor-column elementor-col-100 elementor-top-column elementor-element elementor-element-a98a0b7\" data-id=\"a98a0b7\" data-element_type=\"column\" data-e-type=\"column\">\n\t\t\t<div class=\"elementor-widget-wrap elementor-element-populated\">\n\t\t\t\t\t\t<div class=\"elementor-element elementor-element-c951ec0 elementor-widget elementor-widget-heading\" data-id=\"c951ec0\" data-element_type=\"widget\" data-e-type=\"widget\" data-widget_type=\"heading.default\">\n\t\t\t\t<div class=\"elementor-widget-container\">\n\t\t\t\t\t<h3 class=\"elementor-heading-title elementor-size-default\">Playas<\/h3>\t\t\t\t<\/div>\n\t\t\t\t<\/div>\n\t\t\t\t<div class=\"elementor-element elementor-element-24770af elementor-widget elementor-widget-text-editor\" data-id=\"24770af\" data-element_type=\"widget\" data-e-type=\"widget\" data-widget_type=\"text-editor.default\">\n\t\t\t\t<div class=\"elementor-widget-container\">\n\t\t\t\t\t\t\t\t\t<p><span style=\"font-weight: 400;\">La <\/span><b>playa de la Concha<\/b><span style=\"font-weight: 400;\">, situada al noroeste, toma su nombre de la forma que dibuja. Sus aguas tranquilas de color turquesa te invitan al descanso y la relajaci\u00f3n.\u00a0<\/span><span style=\"color: var( --e-global-color-text ); font-family: var( --e-global-typography-text-font-family ), Sans-serif; background-color: transparent;\">En el sur tienes las que se sit\u00faan en el entorno de la pen\u00ednsula de Jand\u00eda. Es el caso de las <\/span><b style=\"color: var( --e-global-color-text ); font-family: var( --e-global-typography-text-font-family ), Sans-serif; background-color: transparent;\">playas de Costa Calma<\/b><span style=\"color: var( --e-global-color-text ); font-family: var( --e-global-typography-text-font-family ), Sans-serif; background-color: transparent;\">, con sus inconfundibles palmeras, y la <\/span><b style=\"color: var( --e-global-color-text ); font-family: var( --e-global-typography-text-font-family ), Sans-serif; background-color: transparent;\">playa Esmeralda<\/b><span style=\"color: var( --e-global-color-text ); font-family: var( --e-global-typography-text-font-family ), Sans-serif; background-color: transparent;\">.<\/span><\/p>\t\t\t\t\t\t\t\t<\/div>\n\t\t\t\t<\/div>\n\t\t\t\t\t<\/div>\n\t\t<\/div>\n\t\t\t\t\t<\/div>\n\t\t<\/section>\n\t\t\t\t<section class=\"elementor-section elementor-top-section elementor-element elementor-element-a243aaa elementor-section-boxed elementor-section-height-default elementor-section-height-default\" data-id=\"a243aaa\" data-element_type=\"section\" data-e-type=\"section\">\n\t\t\t\t\t\t<div class=\"elementor-container elementor-column-gap-default\">\n\t\t\t\t\t<div class=\"elementor-column elementor-col-50 elementor-top-column elementor-element elementor-element-401f7a8\" data-id=\"401f7a8\" data-element_type=\"column\" data-e-type=\"column\">\n\t\t\t<div class=\"elementor-widget-wrap elementor-element-populated\">\n\t\t\t\t\t\t<div class=\"elementor-element elementor-element-9ac14b0 elementor-widget elementor-widget-heading\" data-id=\"9ac14b0\" data-element_type=\"widget\" data-e-type=\"widget\" data-widget_type=\"heading.default\">\n\t\t\t\t<div class=\"elementor-widget-container\">\n\t\t\t\t\t<h3 class=\"elementor-heading-title elementor-size-default\">Pueblos<\/h3>\t\t\t\t<\/div>\n\t\t\t\t<\/div>\n\t\t\t\t<div class=\"elementor-element elementor-element-f97c159 elementor-widget elementor-widget-text-editor\" data-id=\"f97c159\" data-element_type=\"widget\" data-e-type=\"widget\" data-widget_type=\"text-editor.default\">\n\t\t\t\t<div class=\"elementor-widget-container\">\n\t\t\t\t\t\t\t\t\t<p><span style=\"font-weight: 400;\">Merece mucho la pena visitar <\/span><b>El Cotillo<\/b><span style=\"font-weight: 400;\">, ubicado en el municipio de La Oliva. Te conquistar\u00e1 por sus playas, su hermoso casco urbano y su gastronom\u00eda. No te pierdas tampoco <\/span><span style=\"text-decoration: underline;\"><a href=\"https:\/\/www.villalia.com\/blog\/caleta-de-fuste-fuerteventura\/\"><b>Caleta Fuste<\/b><\/a><\/span><span style=\"font-weight: 400;\">, el destino perfecto para las vacaciones familiares. Playas, cine, centro comercial, gran oferta de ocio nocturno, un fant\u00e1stico puerto deportivo&#8230; \u00bfQu\u00e9 m\u00e1s se puede pedir?<\/span><\/p>\t\t\t\t\t\t\t\t<\/div>\n\t\t\t\t<\/div>\n\t\t\t\t\t<\/div>\n\t\t<\/div>\n\t\t\t\t<div class=\"elementor-column elementor-col-50 elementor-top-column elementor-element elementor-element-c92ef48\" data-id=\"c92ef48\" data-element_type=\"column\" data-e-type=\"column\">\n\t\t\t<div class=\"elementor-widget-wrap elementor-element-populated\">\n\t\t\t\t\t\t<div class=\"elementor-element elementor-element-60a12a5 elementor-widget elementor-widget-heading\" data-id=\"60a12a5\" data-element_type=\"widget\" data-e-type=\"widget\" data-widget_type=\"heading.default\">\n\t\t\t\t<div class=\"elementor-widget-container\">\n\t\t\t\t\t<h3 class=\"elementor-heading-title elementor-size-default\">Lugares incre\u00edbles<\/h3>\t\t\t\t<\/div>\n\t\t\t\t<\/div>\n\t\t\t\t<div class=\"elementor-element elementor-element-c67069a elementor-widget elementor-widget-text-editor\" data-id=\"c67069a\" data-element_type=\"widget\" data-e-type=\"widget\" data-widget_type=\"text-editor.default\">\n\t\t\t\t<div class=\"elementor-widget-container\">\n\t\t\t\t\t\t\t\t\t<p><span style=\"font-weight: 400;\">Emp\u00e1pate de misterio en <\/span><b>Villa Winter<\/b><span style=\"font-weight: 400;\">, una construcci\u00f3n llena de historia y leyendas; descubre los encantos de las <\/span><b>cuevas de Anjuy<\/b><span style=\"font-weight: 400;\">, de gran valor geol\u00f3gico, o recorre los mercados y mercadillos al aire libre de cada una de las localidades de <\/span><b>Fuerteventura<\/b><span style=\"font-weight: 400;\">.<\/span><\/p>\t\t\t\t\t\t\t\t<\/div>\n\t\t\t\t<\/div>\n\t\t\t\t\t<\/div>\n\t\t<\/div>\n\t\t\t\t\t<\/div>\n\t\t<\/section>\n\t\t\t\t<section class=\"elementor-section elementor-top-section elementor-element elementor-element-3d51487 elementor-section-boxed elementor-section-height-default elementor-section-height-default\" data-id=\"3d51487\" data-element_type=\"section\" data-e-type=\"section\">\n\t\t\t\t\t\t<div class=\"elementor-container elementor-column-gap-default\">\n\t\t\t\t\t<div class=\"elementor-column elementor-col-100 elementor-top-column elementor-element elementor-element-7024f16\" data-id=\"7024f16\" data-element_type=\"column\" data-e-type=\"column\">\n\t\t\t<div class=\"elementor-widget-wrap elementor-element-populated\">\n\t\t\t\t\t\t<div class=\"elementor-element elementor-element-a3bbc95 elementor-widget elementor-widget-image\" data-id=\"a3bbc95\" data-element_type=\"widget\" data-e-type=\"widget\" data-widget_type=\"image.default\">\n\t\t\t\t<div class=\"elementor-widget-container\">\n\t\t\t\t\t\t\t\t\t\t\t\t\t\t\t<img decoding=\"async\" src=\"https:\/\/www.villalia.com\/blog\/wp-content\/uploads\/2023\/05\/Pueblo-ver-en-Fuerteventura.jpg\" title=\"\" alt=\"Pueblo ver en Fuerteventura\" loading=\"lazy\" \/>\t\t\t\t\t\t\t\t\t\t\t\t\t\t\t<\/div>\n\t\t\t\t<\/div>\n\t\t\t\t\t<\/div>\n\t\t<\/div>\n\t\t\t\t\t<\/div>\n\t\t<\/section>\n\t\t\t\t<section class=\"elementor-section elementor-top-section elementor-element elementor-element-22d5872 elementor-section-boxed elementor-section-height-default elementor-section-height-default\" data-id=\"22d5872\" data-element_type=\"section\" data-e-type=\"section\">\n\t\t\t\t\t\t<div class=\"elementor-container elementor-column-gap-default\">\n\t\t\t\t\t<div class=\"elementor-column elementor-col-100 elementor-top-column elementor-element elementor-element-1831da6\" data-id=\"1831da6\" data-element_type=\"column\" data-e-type=\"column\">\n\t\t\t<div class=\"elementor-widget-wrap elementor-element-populated\">\n\t\t\t\t\t\t<div class=\"elementor-element elementor-element-6f7e4ca elementor-widget elementor-widget-heading\" data-id=\"6f7e4ca\" data-element_type=\"widget\" data-e-type=\"widget\" data-widget_type=\"heading.default\">\n\t\t\t\t<div class=\"elementor-widget-container\">\n\t\t\t\t\t<h2 class=\"elementor-heading-title elementor-size-default\">Al\u00f3jate en Fuerteventura\n\n<\/h2>\t\t\t\t<\/div>\n\t\t\t\t<\/div>\n\t\t\t\t<div class=\"elementor-element elementor-element-8be4f1f elementor-widget elementor-widget-text-editor\" data-id=\"8be4f1f\" data-element_type=\"widget\" data-e-type=\"widget\" data-widget_type=\"text-editor.default\">\n\t\t\t\t<div class=\"elementor-widget-container\">\n\t\t\t\t\t\t\t\t\t<p><span style=\"font-weight: 400;\">Seguro que nuestra lista sobre <\/span><b>qu\u00e9 ver en Fuerteventura <\/b><span style=\"font-weight: 400;\">ha aumentado tus ganas de viajar. No nos extra\u00f1a, ya has visto todo lo que esta preciosa isla es capaz de ofrecer. \u00bfQuieres hacer de tu <\/span><a href=\"https:\/\/www.villalia.com\/alquiler\/villa-caleta-de-fuste-antigua-wh2-the-white-homes-golf-421723.html\"><span style=\"font-weight: 400;\">estancia <\/span><\/a><span style=\"font-weight: 400;\">algo a\u00fan m\u00e1s especial? Consulta nuestra <\/span><a href=\"https:\/\/www.villalia.com\/alquiler\/villa-caleta-de-fuste-antigua-wh1-the-white-homes-golf-421714.html\"><span style=\"font-weight: 400;\">oferta de alquiler<\/span><\/a><span style=\"font-weight: 400;\">. \u00a1No sabr\u00e1s qu\u00e9 <\/span><a href=\"https:\/\/www.villalia.com\/alquiler\/villa-caleta-de-fuste-antigua-wh3-the-white-homes-golf-421724.html\"><span style=\"font-weight: 400;\">alojamiento <\/span><\/a><span style=\"font-weight: 400;\">elegir!<\/span><\/p>\t\t\t\t\t\t\t\t<\/div>\n\t\t\t\t<\/div>\n\t\t\t\t\t<\/div>\n\t\t<\/div>\n\t\t\t\t\t<\/div>\n\t\t<\/section>\n\t\t\t\t<section class=\"elementor-section elementor-top-section elementor-element elementor-element-1659ade elementor-section-boxed elementor-section-height-default elementor-section-height-default\" data-id=\"1659ade\" data-element_type=\"section\" data-e-type=\"section\">\n\t\t\t\t\t\t<div class=\"elementor-container elementor-column-gap-default\">\n\t\t\t\t\t<div class=\"elementor-column elementor-col-100 elementor-top-column elementor-element elementor-element-1268999\" data-id=\"1268999\" data-element_type=\"column\" data-e-type=\"column\">\n\t\t\t<div class=\"elementor-widget-wrap elementor-element-populated\">\n\t\t\t\t\t\t<div class=\"elementor-element elementor-element-c0d8f18 elementor-align-center elementor-widget elementor-widget-button\" data-id=\"c0d8f18\" data-element_type=\"widget\" data-e-type=\"widget\" data-widget_type=\"button.default\">\n\t\t\t\t<div class=\"elementor-widget-container\">\n\t\t\t\t\t\t\t\t\t<div class=\"elementor-button-wrapper\">\n\t\t\t\t\t<a class=\"elementor-button elementor-button-link elementor-size-md\" href=\"https:\/\/www.villalia.com\/alquiler\/alquileres-fuerteventura-e76\/\">\n\t\t\t\t\t\t<span class=\"elementor-button-content-wrapper\">\n\t\t\t\t\t\t\t\t\t<span class=\"elementor-button-text\">Alquileres en Fuerteventura<\/span>\n\t\t\t\t\t<\/span>\n\t\t\t\t\t<\/a>\n\t\t\t\t<\/div>\n\t\t\t\t\t\t\t\t<\/div>\n\t\t\t\t<\/div>\n\t\t\t\t\t<\/div>\n\t\t<\/div>\n\t\t\t\t\t<\/div>\n\t\t<\/section>\n\t\t\t\t<\/div>\n\t\t","protected":false},"excerpt":{"rendered":"<p>\u00bfQu\u00e9 ver en Fuerteventura? Esta es una de las principales preguntas que se hacen aquellos que planean pasar unos d\u00edas&#8230;<\/p>\n","protected":false},"author":3,"featured_media":339,"comment_status":"open","ping_status":"open","sticky":false,"template":"","format":"standard","meta":{"footnotes":""},"categories":[36,86,90],"tags":[],"class_list":["post-307","post","type-post","status-publish","format-standard","has-post-thumbnail","hentry","category-canarias","category-fuerteventura","category-playas-fuerteventura"],"yoast_head":"<!-- This site is optimized with the Yoast SEO plugin v27.5 - https:\/\/yoast.com\/product\/yoast-seo-wordpress\/ -->\n<title>Qu\u00e9 ver en Fuerteventura | Villalia<\/title>\n<meta name=\"description\" content=\"Prepara tu viaje a Fuerteventura con esta gu\u00eda tur\u00edstica sobre qu\u00e9 ver en Fuerteventura. Descubre sus playas, paisajes y su cultura. \u00a1Ven a visitar la isla!\" \/>\n<meta name=\"robots\" content=\"index, follow, max-snippet:-1, max-image-preview:large, max-video-preview:-1\" \/>\n<link rel=\"canonical\" href=\"https:\/\/www.villalia.com\/blog\/que-ver-en-fuerteventura\/\" \/>\n<meta property=\"og:locale\" content=\"es_ES\" \/>\n<meta property=\"og:type\" content=\"article\" \/>\n<meta property=\"og:title\" content=\"Qu\u00e9 ver en Fuerteventura | Villalia\" \/>\n<meta property=\"og:description\" content=\"Prepara tu viaje a Fuerteventura con esta gu\u00eda tur\u00edstica sobre qu\u00e9 ver en Fuerteventura. Descubre sus playas, paisajes y su cultura. \u00a1Ven a visitar la isla!\" \/>\n<meta property=\"og:url\" content=\"https:\/\/www.villalia.com\/blog\/que-ver-en-fuerteventura\/\" \/>\n<meta property=\"og:site_name\" content=\"Blog\" \/>\n<meta property=\"article:published_time\" content=\"2023-05-24T13:39:00+00:00\" \/>\n<meta property=\"article:modified_time\" content=\"2023-05-26T08:23:39+00:00\" \/>\n<meta property=\"og:image\" content=\"https:\/\/www.villalia.com\/blog\/wp-content\/uploads\/2023\/05\/que-ver-en-Fuerteventura.jpg\" \/>\n\t<meta property=\"og:image:width\" content=\"1920\" \/>\n\t<meta property=\"og:image:height\" content=\"750\" \/>\n\t<meta property=\"og:image:type\" content=\"image\/jpeg\" \/>\n<meta name=\"author\" content=\"digitalservices\" \/>\n<meta name=\"twitter:card\" content=\"summary_large_image\" \/>\n<meta name=\"twitter:label1\" content=\"Escrito por\" \/>\n\t<meta name=\"twitter:data1\" content=\"digitalservices\" \/>\n\t<meta name=\"twitter:label2\" content=\"Tiempo de lectura\" \/>\n\t<meta name=\"twitter:data2\" content=\"5 minutos\" \/>\n<script type=\"application\/ld+json\" class=\"yoast-schema-graph\">{\"@context\":\"https:\\\/\\\/schema.org\",\"@graph\":[{\"@type\":\"Article\",\"@id\":\"https:\\\/\\\/www.villalia.com\\\/blog\\\/que-ver-en-fuerteventura\\\/#article\",\"isPartOf\":{\"@id\":\"https:\\\/\\\/www.villalia.com\\\/blog\\\/que-ver-en-fuerteventura\\\/\"},\"author\":{\"name\":\"digitalservices\",\"@id\":\"https:\\\/\\\/www.villalia.com\\\/blog\\\/#\\\/schema\\\/person\\\/ccfd1d68b4ff43bcd6daa1518004a1a2\"},\"headline\":\"\u00bfQu\u00e9 ver en Fuerteventura? La gu\u00eda definitiva.\",\"datePublished\":\"2023-05-24T13:39:00+00:00\",\"dateModified\":\"2023-05-26T08:23:39+00:00\",\"mainEntityOfPage\":{\"@id\":\"https:\\\/\\\/www.villalia.com\\\/blog\\\/que-ver-en-fuerteventura\\\/\"},\"wordCount\":909,\"commentCount\":0,\"image\":{\"@id\":\"https:\\\/\\\/www.villalia.com\\\/blog\\\/que-ver-en-fuerteventura\\\/#primaryimage\"},\"thumbnailUrl\":\"https:\\\/\\\/www.villalia.com\\\/blog\\\/wp-content\\\/uploads\\\/2023\\\/05\\\/que-ver-en-Fuerteventura.jpg\",\"articleSection\":[\"Canarias\",\"Fuerteventura\",\"Playas Fuerteventura\"],\"inLanguage\":\"es\",\"potentialAction\":[{\"@type\":\"CommentAction\",\"name\":\"Comment\",\"target\":[\"https:\\\/\\\/www.villalia.com\\\/blog\\\/que-ver-en-fuerteventura\\\/#respond\"]}]},{\"@type\":\"WebPage\",\"@id\":\"https:\\\/\\\/www.villalia.com\\\/blog\\\/que-ver-en-fuerteventura\\\/\",\"url\":\"https:\\\/\\\/www.villalia.com\\\/blog\\\/que-ver-en-fuerteventura\\\/\",\"name\":\"Qu\u00e9 ver en Fuerteventura | Villalia\",\"isPartOf\":{\"@id\":\"https:\\\/\\\/www.villalia.com\\\/blog\\\/#website\"},\"primaryImageOfPage\":{\"@id\":\"https:\\\/\\\/www.villalia.com\\\/blog\\\/que-ver-en-fuerteventura\\\/#primaryimage\"},\"image\":{\"@id\":\"https:\\\/\\\/www.villalia.com\\\/blog\\\/que-ver-en-fuerteventura\\\/#primaryimage\"},\"thumbnailUrl\":\"https:\\\/\\\/www.villalia.com\\\/blog\\\/wp-content\\\/uploads\\\/2023\\\/05\\\/que-ver-en-Fuerteventura.jpg\",\"datePublished\":\"2023-05-24T13:39:00+00:00\",\"dateModified\":\"2023-05-26T08:23:39+00:00\",\"author\":{\"@id\":\"https:\\\/\\\/www.villalia.com\\\/blog\\\/#\\\/schema\\\/person\\\/ccfd1d68b4ff43bcd6daa1518004a1a2\"},\"description\":\"Prepara tu viaje a Fuerteventura con esta gu\u00eda tur\u00edstica sobre qu\u00e9 ver en Fuerteventura. Descubre sus playas, paisajes y su cultura. \u00a1Ven a visitar la isla!\",\"breadcrumb\":{\"@id\":\"https:\\\/\\\/www.villalia.com\\\/blog\\\/que-ver-en-fuerteventura\\\/#breadcrumb\"},\"inLanguage\":\"es\",\"potentialAction\":[{\"@type\":\"ReadAction\",\"target\":[\"https:\\\/\\\/www.villalia.com\\\/blog\\\/que-ver-en-fuerteventura\\\/\"]}]},{\"@type\":\"ImageObject\",\"inLanguage\":\"es\",\"@id\":\"https:\\\/\\\/www.villalia.com\\\/blog\\\/que-ver-en-fuerteventura\\\/#primaryimage\",\"url\":\"https:\\\/\\\/www.villalia.com\\\/blog\\\/wp-content\\\/uploads\\\/2023\\\/05\\\/que-ver-en-Fuerteventura.jpg\",\"contentUrl\":\"https:\\\/\\\/www.villalia.com\\\/blog\\\/wp-content\\\/uploads\\\/2023\\\/05\\\/que-ver-en-Fuerteventura.jpg\",\"width\":1920,\"height\":750,\"caption\":\"que ver en Fuerteventura\"},{\"@type\":\"BreadcrumbList\",\"@id\":\"https:\\\/\\\/www.villalia.com\\\/blog\\\/que-ver-en-fuerteventura\\\/#breadcrumb\",\"itemListElement\":[{\"@type\":\"ListItem\",\"position\":1,\"name\":\"Home\",\"item\":\"https:\\\/\\\/www.villalia.com\\\/blog\\\/\"},{\"@type\":\"ListItem\",\"position\":2,\"name\":\"\u00bfQu\u00e9 ver en Fuerteventura? La gu\u00eda definitiva.\"}]},{\"@type\":\"WebSite\",\"@id\":\"https:\\\/\\\/www.villalia.com\\\/blog\\\/#website\",\"url\":\"https:\\\/\\\/www.villalia.com\\\/blog\\\/\",\"name\":\"Blog\",\"description\":\"Villalia\",\"potentialAction\":[{\"@type\":\"SearchAction\",\"target\":{\"@type\":\"EntryPoint\",\"urlTemplate\":\"https:\\\/\\\/www.villalia.com\\\/blog\\\/?s={search_term_string}\"},\"query-input\":{\"@type\":\"PropertyValueSpecification\",\"valueRequired\":true,\"valueName\":\"search_term_string\"}}],\"inLanguage\":\"es\"},{\"@type\":\"Person\",\"@id\":\"https:\\\/\\\/www.villalia.com\\\/blog\\\/#\\\/schema\\\/person\\\/ccfd1d68b4ff43bcd6daa1518004a1a2\",\"name\":\"digitalservices\",\"image\":{\"@type\":\"ImageObject\",\"inLanguage\":\"es\",\"@id\":\"https:\\\/\\\/secure.gravatar.com\\\/avatar\\\/af30f88a1904294c1f3eb09a9d7903eec4ffa18fa2cf40c28a8681014ecdfc20?s=96&d=mm&r=g\",\"url\":\"https:\\\/\\\/secure.gravatar.com\\\/avatar\\\/af30f88a1904294c1f3eb09a9d7903eec4ffa18fa2cf40c28a8681014ecdfc20?s=96&d=mm&r=g\",\"contentUrl\":\"https:\\\/\\\/secure.gravatar.com\\\/avatar\\\/af30f88a1904294c1f3eb09a9d7903eec4ffa18fa2cf40c28a8681014ecdfc20?s=96&d=mm&r=g\",\"caption\":\"digitalservices\"},\"url\":\"https:\\\/\\\/www.villalia.com\\\/blog\\\/author\\\/digitalservices\\\/\"}]}<\/script>\n<!-- \/ Yoast SEO plugin. -->","yoast_head_json":{"title":"Qu\u00e9 ver en Fuerteventura | Villalia","description":"Prepara tu viaje a Fuerteventura con esta gu\u00eda tur\u00edstica sobre qu\u00e9 ver en Fuerteventura. Descubre sus playas, paisajes y su cultura. \u00a1Ven a visitar la isla!","robots":{"index":"index","follow":"follow","max-snippet":"max-snippet:-1","max-image-preview":"max-image-preview:large","max-video-preview":"max-video-preview:-1"},"canonical":"https:\/\/www.villalia.com\/blog\/que-ver-en-fuerteventura\/","og_locale":"es_ES","og_type":"article","og_title":"Qu\u00e9 ver en Fuerteventura | Villalia","og_description":"Prepara tu viaje a Fuerteventura con esta gu\u00eda tur\u00edstica sobre qu\u00e9 ver en Fuerteventura. Descubre sus playas, paisajes y su cultura. \u00a1Ven a visitar la isla!","og_url":"https:\/\/www.villalia.com\/blog\/que-ver-en-fuerteventura\/","og_site_name":"Blog","article_published_time":"2023-05-24T13:39:00+00:00","article_modified_time":"2023-05-26T08:23:39+00:00","og_image":[{"width":1920,"height":750,"url":"https:\/\/www.villalia.com\/blog\/wp-content\/uploads\/2023\/05\/que-ver-en-Fuerteventura.jpg","type":"image\/jpeg"}],"author":"digitalservices","twitter_card":"summary_large_image","twitter_misc":{"Escrito por":"digitalservices","Tiempo de lectura":"5 minutos"},"schema":{"@context":"https:\/\/schema.org","@graph":[{"@type":"Article","@id":"https:\/\/www.villalia.com\/blog\/que-ver-en-fuerteventura\/#article","isPartOf":{"@id":"https:\/\/www.villalia.com\/blog\/que-ver-en-fuerteventura\/"},"author":{"name":"digitalservices","@id":"https:\/\/www.villalia.com\/blog\/#\/schema\/person\/ccfd1d68b4ff43bcd6daa1518004a1a2"},"headline":"\u00bfQu\u00e9 ver en Fuerteventura? La gu\u00eda definitiva.","datePublished":"2023-05-24T13:39:00+00:00","dateModified":"2023-05-26T08:23:39+00:00","mainEntityOfPage":{"@id":"https:\/\/www.villalia.com\/blog\/que-ver-en-fuerteventura\/"},"wordCount":909,"commentCount":0,"image":{"@id":"https:\/\/www.villalia.com\/blog\/que-ver-en-fuerteventura\/#primaryimage"},"thumbnailUrl":"https:\/\/www.villalia.com\/blog\/wp-content\/uploads\/2023\/05\/que-ver-en-Fuerteventura.jpg","articleSection":["Canarias","Fuerteventura","Playas Fuerteventura"],"inLanguage":"es","potentialAction":[{"@type":"CommentAction","name":"Comment","target":["https:\/\/www.villalia.com\/blog\/que-ver-en-fuerteventura\/#respond"]}]},{"@type":"WebPage","@id":"https:\/\/www.villalia.com\/blog\/que-ver-en-fuerteventura\/","url":"https:\/\/www.villalia.com\/blog\/que-ver-en-fuerteventura\/","name":"Qu\u00e9 ver en Fuerteventura | Villalia","isPartOf":{"@id":"https:\/\/www.villalia.com\/blog\/#website"},"primaryImageOfPage":{"@id":"https:\/\/www.villalia.com\/blog\/que-ver-en-fuerteventura\/#primaryimage"},"image":{"@id":"https:\/\/www.villalia.com\/blog\/que-ver-en-fuerteventura\/#primaryimage"},"thumbnailUrl":"https:\/\/www.villalia.com\/blog\/wp-content\/uploads\/2023\/05\/que-ver-en-Fuerteventura.jpg","datePublished":"2023-05-24T13:39:00+00:00","dateModified":"2023-05-26T08:23:39+00:00","author":{"@id":"https:\/\/www.villalia.com\/blog\/#\/schema\/person\/ccfd1d68b4ff43bcd6daa1518004a1a2"},"description":"Prepara tu viaje a Fuerteventura con esta gu\u00eda tur\u00edstica sobre qu\u00e9 ver en Fuerteventura. Descubre sus playas, paisajes y su cultura. \u00a1Ven a visitar la isla!","breadcrumb":{"@id":"https:\/\/www.villalia.com\/blog\/que-ver-en-fuerteventura\/#breadcrumb"},"inLanguage":"es","potentialAction":[{"@type":"ReadAction","target":["https:\/\/www.villalia.com\/blog\/que-ver-en-fuerteventura\/"]}]},{"@type":"ImageObject","inLanguage":"es","@id":"https:\/\/www.villalia.com\/blog\/que-ver-en-fuerteventura\/#primaryimage","url":"https:\/\/www.villalia.com\/blog\/wp-content\/uploads\/2023\/05\/que-ver-en-Fuerteventura.jpg","contentUrl":"https:\/\/www.villalia.com\/blog\/wp-content\/uploads\/2023\/05\/que-ver-en-Fuerteventura.jpg","width":1920,"height":750,"caption":"que ver en Fuerteventura"},{"@type":"BreadcrumbList","@id":"https:\/\/www.villalia.com\/blog\/que-ver-en-fuerteventura\/#breadcrumb","itemListElement":[{"@type":"ListItem","position":1,"name":"Home","item":"https:\/\/www.villalia.com\/blog\/"},{"@type":"ListItem","position":2,"name":"\u00bfQu\u00e9 ver en Fuerteventura? La gu\u00eda definitiva."}]},{"@type":"WebSite","@id":"https:\/\/www.villalia.com\/blog\/#website","url":"https:\/\/www.villalia.com\/blog\/","name":"Blog","description":"Villalia","potentialAction":[{"@type":"SearchAction","target":{"@type":"EntryPoint","urlTemplate":"https:\/\/www.villalia.com\/blog\/?s={search_term_string}"},"query-input":{"@type":"PropertyValueSpecification","valueRequired":true,"valueName":"search_term_string"}}],"inLanguage":"es"},{"@type":"Person","@id":"https:\/\/www.villalia.com\/blog\/#\/schema\/person\/ccfd1d68b4ff43bcd6daa1518004a1a2","name":"digitalservices","image":{"@type":"ImageObject","inLanguage":"es","@id":"https:\/\/secure.gravatar.com\/avatar\/af30f88a1904294c1f3eb09a9d7903eec4ffa18fa2cf40c28a8681014ecdfc20?s=96&d=mm&r=g","url":"https:\/\/secure.gravatar.com\/avatar\/af30f88a1904294c1f3eb09a9d7903eec4ffa18fa2cf40c28a8681014ecdfc20?s=96&d=mm&r=g","contentUrl":"https:\/\/secure.gravatar.com\/avatar\/af30f88a1904294c1f3eb09a9d7903eec4ffa18fa2cf40c28a8681014ecdfc20?s=96&d=mm&r=g","caption":"digitalservices"},"url":"https:\/\/www.villalia.com\/blog\/author\/digitalservices\/"}]}},"_links":{"self":[{"href":"https:\/\/www.villalia.com\/blog\/wp-json\/wp\/v2\/posts\/307","targetHints":{"allow":["GET"]}}],"collection":[{"href":"https:\/\/www.villalia.com\/blog\/wp-json\/wp\/v2\/posts"}],"about":[{"href":"https:\/\/www.villalia.com\/blog\/wp-json\/wp\/v2\/types\/post"}],"author":[{"embeddable":true,"href":"https:\/\/www.villalia.com\/blog\/wp-json\/wp\/v2\/users\/3"}],"replies":[{"embeddable":true,"href":"https:\/\/www.villalia.com\/blog\/wp-json\/wp\/v2\/comments?post=307"}],"version-history":[{"count":21,"href":"https:\/\/www.villalia.com\/blog\/wp-json\/wp\/v2\/posts\/307\/revisions"}],"predecessor-version":[{"id":364,"href":"https:\/\/www.villalia.com\/blog\/wp-json\/wp\/v2\/posts\/307\/revisions\/364"}],"wp:featuredmedia":[{"embeddable":true,"href":"https:\/\/www.villalia.com\/blog\/wp-json\/wp\/v2\/media\/339"}],"wp:attachment":[{"href":"https:\/\/www.villalia.com\/blog\/wp-json\/wp\/v2\/media?parent=307"}],"wp:term":[{"taxonomy":"category","embeddable":true,"href":"https:\/\/www.villalia.com\/blog\/wp-json\/wp\/v2\/categories?post=307"},{"taxonomy":"post_tag","embeddable":true,"href":"https:\/\/www.villalia.com\/blog\/wp-json\/wp\/v2\/tags?post=307"}],"curies":[{"name":"wp","href":"https:\/\/api.w.org\/{rel}","templated":true}]}}