{"id":11,"date":"2022-03-29T14:22:40","date_gmt":"2022-03-29T14:22:40","guid":{"rendered":"https:\/\/www.villalia.com\/blog\/?p=11"},"modified":"2022-03-29T14:22:41","modified_gmt":"2022-03-29T14:22:41","slug":"villalia-j70-spring-series-una-apuesta-por-el-deporte-y-la-naturaleza","status":"publish","type":"post","link":"https:\/\/www.villalia.com\/blog\/villalia-j70-spring-series-una-apuesta-por-el-deporte-y-la-naturaleza\/","title":{"rendered":"Una apuesta por el deporte y la naturaleza en las J70 Villalia Spring Series 21\/22"},"content":{"rendered":"\n<p>El contacto con la naturaleza y la importancia de la vida sana son dos valores que, en Villalia, siempre est\u00e1n presentes. Nuestras villas, no en vano, est\u00e1n ubicadas en<strong> puntos estrat\u00e9gicos de Lanzarote y La Toja<\/strong> en los que la naturaleza abunda y donde hacer deporte (aprovechando los d\u00edas de retiro o de vacaciones) es un aut\u00e9ntico placer.\u00a0<\/p>\n\n\n\n<p>Prueba de este compromiso con nuestro entorno y con la actividad deportiva es nuestro patrocinio con las J70 Villalia Spring Series, un<strong> evento n\u00e1utico de primer nivel<\/strong> que se celebra en el marco incomparable de la R\u00eda de Vigo y que concentra a figuras muy reconocidas dentro del apasionante mundo de la vela de competici\u00f3n. Con la edici\u00f3n 21-22 a poco menos de dos meses para finalizar, nuestra marca suma ya dos ediciones como orgullosos patrocinadores.\u00a0<\/p>\n\n\n\n<p><strong>Un fin de semana lluvioso pero emocionante<\/strong><\/p>\n\n\n\n<p>Con la fecha de cierre de edici\u00f3n fijada para primeros de mayo (la \u00faltima serie tendr\u00e1 lugar en Vigo entre los d\u00edas 2 y 3 de dicho mes), <strong>las J70 Villalia Spring Series est\u00e1n al rojo vivo<\/strong>. Que la competici\u00f3n est\u00e1 en su punto \u00e1lgido de emoci\u00f3n y competitividad ha quedado claro en la antepen\u00faltima edici\u00f3n, que tuvo lugar el pasado fin de semana en Vigo.\u00a0<\/p>\n\n\n\n<p>Dos jornadas pasadas por agua que no restaron ni un m\u00e1ximo de espectacularidad a esta regata gallega que re\u00fane en un mismo campo de juego &#8211; y en perfecta armon\u00eda- a regatistas aficionados y grand\u00edsimas figuras de la vela (como es el caso del <strong>medallista ol\u00edmpico gallego Nico Rodr\u00edguez<\/strong>, que se declara abiertamente \u201camante y muy seguidor\u201d de este evento n\u00e1utico vigu\u00e9s).\u00a0<\/p>\n\n\n\n<p>El viento de entre 10 y 15 nudos bien presente en ambas jornadas, hizo que las tripulaciones disfrutaran de lo lindo regal\u00e1ndonos im\u00e1genes espectaculares de&nbsp; maniobras, viradas e instrucciones a bordo y con un top 3 de l\u00edderes que, de forma flamante, comienza a hacerse fuerte en lo m\u00e1s alto de la clasificaci\u00f3n general provisional.&nbsp;<\/p>\n\n\n\n<p>La primera posici\u00f3n sigue siendo para el J70 Marnatura 1. Esta embarcaci\u00f3n, armada por un grande de la vela como es Jos\u00e9 Luis Freire, est\u00e1 patroneada por el joven Lu\u00eds Bugallo Arriola, tripulante del Spanish Impulse durante la pasada edici\u00f3n de la Young America\u2019s Cup. Le sigue de cerca, en segunda posici\u00f3n, el barco del gran Gonzalo Araujo, seguido del J70 Abril Verde de Lu\u00eds P\u00e9rez Canal.&nbsp;<\/p>\n\n\n\n<p><strong>Galicia, nuestra segunda casa<\/strong><\/p>\n\n\n\n<p>Aunque nuestra sede oficial es la isla canaria de Lanzarote, el coraz\u00f3n y el alma de nuestro equipo humano son de or\u00edgenes gallegos. Esto hace que Galicia sea algo m\u00e1s que un destino para nosotros: es nuestra segunda casa.&nbsp;<\/p>\n\n\n\n<p>Villalia, nuestra marca de <strong>villas de lujo<\/strong>, no solo es un referente en el sector tur\u00edstico canario sino que nuestras viviendas de alquiler en la bell\u00edsima isla de La Toja son conocidas por su calidad, su confort y sus muchos servicios. Nuestros grandes chalets, chalets convencionales, viviendas cl\u00e1sicas y d\u00faplex est\u00e1n ubicadas en zonas privilegiadas donde <strong>el relax y la naturaleza son factores predominantes<\/strong>. \u00bfTe imaginas un fin de semana perfecto a pocos metros de la playa y con los servicios m\u00e1s exclusivos cubiertos? En Villalia tenemos todo y m\u00e1s para convertir tu retiro en <strong>una experiencia inigualable<\/strong>.\u00a0<\/p>\n\n\n\n<p><strong>La Toja, un destino para los que buscan la tranquilidad<\/strong><\/p>\n\n\n\n<p>Custodiada por la pen\u00ednsula de O Grove y la desembocadura de la R\u00eda de Arousa, la Isla de la Toja (o Illa da Toxa) es una joya en pleno coraz\u00f3n de las R\u00edas Baixas. Un destino tranquilo perfecto para aquellas personas que buscan la desconexi\u00f3n y el relax sin perder, eso s\u00ed, la conexi\u00f3n con una gran ciudad como es Vigo (cuya distancia no llega a 50 minutos en coche). \u00bfTienes pensado venir a visitar nuestras villas en La Toja? Toma nota de estos puntos que no te puedes perder:&nbsp;<\/p>\n\n\n\n<ol class=\"wp-block-list\"><li><strong>Balnearios de La Toja:<\/strong> \u200b\u200bOrtega y Gasset, los reyes em\u00e9ritos o el Gabriel Garc\u00eda M\u00e1rquez han sido algunos de los muchos rostros conocidos que se retiraban a descansar a los balnearios de La Toja y es que sus aguas termales son conocidas en todo el mundo por sus muchos beneficios para la salud.\u00a0<\/li><\/ol>\n\n\n\n<ol class=\"wp-block-list\" start=\"2\"><li><strong>Capilla de San Caralampio o Capilla de las Conchas:<\/strong> ver esta capilla totalmente recubierta por miles de conchas gallegas (colocadas una a una) es algo que deja sin aliento y que maravilla a propios y extra\u00f1os. Aunque su dise\u00f1o data del siglo XII, fue en el siglo XIX cuando la estructura recibi\u00f3 este remate decorativo con las vieiras.\u00a0<\/li><\/ol>\n\n\n\n<ol class=\"wp-block-list\" start=\"3\"><li><strong>Aldea de los Grobits y ruta por el parque:<\/strong> \u00bfImaginas pasar un d\u00eda entre casitas de hobbits? Pues en La Toja es posible. Aunque la Aldea de los Grobits un parque infantil, lo cierto es que es un lugar de reuni\u00f3n de los fans del Se\u00f1or de los Anillos y es que sus peque\u00f1as viviendas son muy parecidas a aquellas en las que viv\u00edan los famosos hobbits Frodo o Sam.\u00a0<\/li><\/ol>\n","protected":false},"excerpt":{"rendered":"<p>Las J70 Villalia Spring Series son un evento n\u00e1utico de primer nivel que se celebra en el marco incomparable de la R\u00eda de Vigo y que concentra a figuras muy reconocidas dentro del apasionante mundo de la vela de competici\u00f3n. Con la edici\u00f3n 21-22 a poco menos de dos meses para finalizar, nuestra marca suma ya dos ediciones como orgullosos patrocinadores. <\/p>\n","protected":false},"author":2,"featured_media":12,"comment_status":"open","ping_status":"open","sticky":false,"template":"","format":"standard","meta":{"footnotes":""},"categories":[2],"tags":[12,13,10,11],"class_list":["post-11","post","type-post","status-publish","format-standard","has-post-thumbnail","hentry","category-vela","tag-deporte","tag-deporte-vigo","tag-regatas","tag-villalia-j70-spring-series"],"yoast_head":"<!-- This site is optimized with the Yoast SEO plugin v27.5 - https:\/\/yoast.com\/product\/yoast-seo-wordpress\/ -->\n<title>Villalia J70 Spring Series: una apuesta por el deporte y la naturaleza<\/title>\n<meta name=\"description\" content=\"Las J70 Villalia Spring Series se celebran en la R\u00eda de Vigo y concentra a figuras muy reconocidas del mundo de la vela de competici\u00f3n.\" \/>\n<meta name=\"robots\" content=\"index, follow, max-snippet:-1, max-image-preview:large, max-video-preview:-1\" \/>\n<link rel=\"canonical\" href=\"https:\/\/www.villalia.com\/blog\/villalia-j70-spring-series-una-apuesta-por-el-deporte-y-la-naturaleza\/\" \/>\n<meta property=\"og:locale\" content=\"es_ES\" \/>\n<meta property=\"og:type\" content=\"article\" \/>\n<meta property=\"og:title\" content=\"Villalia J70 Spring Series: una apuesta por el deporte y la naturaleza\" \/>\n<meta property=\"og:description\" content=\"Las J70 Villalia Spring Series se celebran en la R\u00eda de Vigo y concentra a figuras muy reconocidas del mundo de la vela de competici\u00f3n.\" \/>\n<meta property=\"og:url\" content=\"https:\/\/www.villalia.com\/blog\/villalia-j70-spring-series-una-apuesta-por-el-deporte-y-la-naturaleza\/\" \/>\n<meta property=\"og:site_name\" content=\"Blog\" \/>\n<meta property=\"article:published_time\" content=\"2022-03-29T14:22:40+00:00\" \/>\n<meta property=\"article:modified_time\" content=\"2022-03-29T14:22:41+00:00\" \/>\n<meta property=\"og:image\" content=\"https:\/\/www.villalia.com\/blog\/wp-content\/uploads\/2022\/03\/220206_J70Vigo_7161.jpg\" \/>\n\t<meta property=\"og:image:width\" content=\"1200\" \/>\n\t<meta property=\"og:image:height\" content=\"800\" \/>\n\t<meta property=\"og:image:type\" content=\"image\/jpeg\" \/>\n<meta name=\"author\" content=\"villalia\" \/>\n<meta name=\"twitter:card\" content=\"summary_large_image\" \/>\n<meta name=\"twitter:label1\" content=\"Escrito por\" \/>\n\t<meta name=\"twitter:data1\" content=\"villalia\" \/>\n\t<meta name=\"twitter:label2\" content=\"Tiempo de lectura\" \/>\n\t<meta name=\"twitter:data2\" content=\"4 minutos\" \/>\n<script type=\"application\/ld+json\" class=\"yoast-schema-graph\">{\"@context\":\"https:\\\/\\\/schema.org\",\"@graph\":[{\"@type\":\"Article\",\"@id\":\"https:\\\/\\\/www.villalia.com\\\/blog\\\/villalia-j70-spring-series-una-apuesta-por-el-deporte-y-la-naturaleza\\\/#article\",\"isPartOf\":{\"@id\":\"https:\\\/\\\/www.villalia.com\\\/blog\\\/villalia-j70-spring-series-una-apuesta-por-el-deporte-y-la-naturaleza\\\/\"},\"author\":{\"name\":\"villalia\",\"@id\":\"https:\\\/\\\/www.villalia.com\\\/blog\\\/#\\\/schema\\\/person\\\/0973338fbef6aa0be263960c61d6ee06\"},\"headline\":\"Una apuesta por el deporte y la naturaleza en las J70 Villalia Spring Series 21\\\/22\",\"datePublished\":\"2022-03-29T14:22:40+00:00\",\"dateModified\":\"2022-03-29T14:22:41+00:00\",\"mainEntityOfPage\":{\"@id\":\"https:\\\/\\\/www.villalia.com\\\/blog\\\/villalia-j70-spring-series-una-apuesta-por-el-deporte-y-la-naturaleza\\\/\"},\"wordCount\":888,\"commentCount\":0,\"image\":{\"@id\":\"https:\\\/\\\/www.villalia.com\\\/blog\\\/villalia-j70-spring-series-una-apuesta-por-el-deporte-y-la-naturaleza\\\/#primaryimage\"},\"thumbnailUrl\":\"https:\\\/\\\/www.villalia.com\\\/blog\\\/wp-content\\\/uploads\\\/2022\\\/03\\\/220206_J70Vigo_7161.jpg\",\"keywords\":[\"deporte\",\"deporte vigo\",\"regatas\",\"Villalia J70 Spring Series\"],\"articleSection\":[\"Vela\"],\"inLanguage\":\"es\",\"potentialAction\":[{\"@type\":\"CommentAction\",\"name\":\"Comment\",\"target\":[\"https:\\\/\\\/www.villalia.com\\\/blog\\\/villalia-j70-spring-series-una-apuesta-por-el-deporte-y-la-naturaleza\\\/#respond\"]}]},{\"@type\":\"WebPage\",\"@id\":\"https:\\\/\\\/www.villalia.com\\\/blog\\\/villalia-j70-spring-series-una-apuesta-por-el-deporte-y-la-naturaleza\\\/\",\"url\":\"https:\\\/\\\/www.villalia.com\\\/blog\\\/villalia-j70-spring-series-una-apuesta-por-el-deporte-y-la-naturaleza\\\/\",\"name\":\"Villalia J70 Spring Series: una apuesta por el deporte y la naturaleza\",\"isPartOf\":{\"@id\":\"https:\\\/\\\/www.villalia.com\\\/blog\\\/#website\"},\"primaryImageOfPage\":{\"@id\":\"https:\\\/\\\/www.villalia.com\\\/blog\\\/villalia-j70-spring-series-una-apuesta-por-el-deporte-y-la-naturaleza\\\/#primaryimage\"},\"image\":{\"@id\":\"https:\\\/\\\/www.villalia.com\\\/blog\\\/villalia-j70-spring-series-una-apuesta-por-el-deporte-y-la-naturaleza\\\/#primaryimage\"},\"thumbnailUrl\":\"https:\\\/\\\/www.villalia.com\\\/blog\\\/wp-content\\\/uploads\\\/2022\\\/03\\\/220206_J70Vigo_7161.jpg\",\"datePublished\":\"2022-03-29T14:22:40+00:00\",\"dateModified\":\"2022-03-29T14:22:41+00:00\",\"author\":{\"@id\":\"https:\\\/\\\/www.villalia.com\\\/blog\\\/#\\\/schema\\\/person\\\/0973338fbef6aa0be263960c61d6ee06\"},\"description\":\"Las J70 Villalia Spring Series se celebran en la R\u00eda de Vigo y concentra a figuras muy reconocidas del mundo de la vela de competici\u00f3n.\",\"breadcrumb\":{\"@id\":\"https:\\\/\\\/www.villalia.com\\\/blog\\\/villalia-j70-spring-series-una-apuesta-por-el-deporte-y-la-naturaleza\\\/#breadcrumb\"},\"inLanguage\":\"es\",\"potentialAction\":[{\"@type\":\"ReadAction\",\"target\":[\"https:\\\/\\\/www.villalia.com\\\/blog\\\/villalia-j70-spring-series-una-apuesta-por-el-deporte-y-la-naturaleza\\\/\"]}]},{\"@type\":\"ImageObject\",\"inLanguage\":\"es\",\"@id\":\"https:\\\/\\\/www.villalia.com\\\/blog\\\/villalia-j70-spring-series-una-apuesta-por-el-deporte-y-la-naturaleza\\\/#primaryimage\",\"url\":\"https:\\\/\\\/www.villalia.com\\\/blog\\\/wp-content\\\/uploads\\\/2022\\\/03\\\/220206_J70Vigo_7161.jpg\",\"contentUrl\":\"https:\\\/\\\/www.villalia.com\\\/blog\\\/wp-content\\\/uploads\\\/2022\\\/03\\\/220206_J70Vigo_7161.jpg\",\"width\":1200,\"height\":800},{\"@type\":\"BreadcrumbList\",\"@id\":\"https:\\\/\\\/www.villalia.com\\\/blog\\\/villalia-j70-spring-series-una-apuesta-por-el-deporte-y-la-naturaleza\\\/#breadcrumb\",\"itemListElement\":[{\"@type\":\"ListItem\",\"position\":1,\"name\":\"Home\",\"item\":\"https:\\\/\\\/www.villalia.com\\\/blog\\\/\"},{\"@type\":\"ListItem\",\"position\":2,\"name\":\"Una apuesta por el deporte y la naturaleza en las J70 Villalia Spring Series 21\\\/22\"}]},{\"@type\":\"WebSite\",\"@id\":\"https:\\\/\\\/www.villalia.com\\\/blog\\\/#website\",\"url\":\"https:\\\/\\\/www.villalia.com\\\/blog\\\/\",\"name\":\"Blog\",\"description\":\"Villalia\",\"potentialAction\":[{\"@type\":\"SearchAction\",\"target\":{\"@type\":\"EntryPoint\",\"urlTemplate\":\"https:\\\/\\\/www.villalia.com\\\/blog\\\/?s={search_term_string}\"},\"query-input\":{\"@type\":\"PropertyValueSpecification\",\"valueRequired\":true,\"valueName\":\"search_term_string\"}}],\"inLanguage\":\"es\"},{\"@type\":\"Person\",\"@id\":\"https:\\\/\\\/www.villalia.com\\\/blog\\\/#\\\/schema\\\/person\\\/0973338fbef6aa0be263960c61d6ee06\",\"name\":\"villalia\",\"image\":{\"@type\":\"ImageObject\",\"inLanguage\":\"es\",\"@id\":\"https:\\\/\\\/secure.gravatar.com\\\/avatar\\\/0e6e98d7522f64e16962ccb42ec7bba0359898cc4bb80c3e879426f58ecc2fcd?s=96&d=mm&r=g\",\"url\":\"https:\\\/\\\/secure.gravatar.com\\\/avatar\\\/0e6e98d7522f64e16962ccb42ec7bba0359898cc4bb80c3e879426f58ecc2fcd?s=96&d=mm&r=g\",\"contentUrl\":\"https:\\\/\\\/secure.gravatar.com\\\/avatar\\\/0e6e98d7522f64e16962ccb42ec7bba0359898cc4bb80c3e879426f58ecc2fcd?s=96&d=mm&r=g\",\"caption\":\"villalia\"},\"url\":\"https:\\\/\\\/www.villalia.com\\\/blog\\\/author\\\/villalia\\\/\"}]}<\/script>\n<!-- \/ Yoast SEO plugin. -->","yoast_head_json":{"title":"Villalia J70 Spring Series: una apuesta por el deporte y la naturaleza","description":"Las J70 Villalia Spring Series se celebran en la R\u00eda de Vigo y concentra a figuras muy reconocidas del mundo de la vela de competici\u00f3n.","robots":{"index":"index","follow":"follow","max-snippet":"max-snippet:-1","max-image-preview":"max-image-preview:large","max-video-preview":"max-video-preview:-1"},"canonical":"https:\/\/www.villalia.com\/blog\/villalia-j70-spring-series-una-apuesta-por-el-deporte-y-la-naturaleza\/","og_locale":"es_ES","og_type":"article","og_title":"Villalia J70 Spring Series: una apuesta por el deporte y la naturaleza","og_description":"Las J70 Villalia Spring Series se celebran en la R\u00eda de Vigo y concentra a figuras muy reconocidas del mundo de la vela de competici\u00f3n.","og_url":"https:\/\/www.villalia.com\/blog\/villalia-j70-spring-series-una-apuesta-por-el-deporte-y-la-naturaleza\/","og_site_name":"Blog","article_published_time":"2022-03-29T14:22:40+00:00","article_modified_time":"2022-03-29T14:22:41+00:00","og_image":[{"width":1200,"height":800,"url":"https:\/\/www.villalia.com\/blog\/wp-content\/uploads\/2022\/03\/220206_J70Vigo_7161.jpg","type":"image\/jpeg"}],"author":"villalia","twitter_card":"summary_large_image","twitter_misc":{"Escrito por":"villalia","Tiempo de lectura":"4 minutos"},"schema":{"@context":"https:\/\/schema.org","@graph":[{"@type":"Article","@id":"https:\/\/www.villalia.com\/blog\/villalia-j70-spring-series-una-apuesta-por-el-deporte-y-la-naturaleza\/#article","isPartOf":{"@id":"https:\/\/www.villalia.com\/blog\/villalia-j70-spring-series-una-apuesta-por-el-deporte-y-la-naturaleza\/"},"author":{"name":"villalia","@id":"https:\/\/www.villalia.com\/blog\/#\/schema\/person\/0973338fbef6aa0be263960c61d6ee06"},"headline":"Una apuesta por el deporte y la naturaleza en las J70 Villalia Spring Series 21\/22","datePublished":"2022-03-29T14:22:40+00:00","dateModified":"2022-03-29T14:22:41+00:00","mainEntityOfPage":{"@id":"https:\/\/www.villalia.com\/blog\/villalia-j70-spring-series-una-apuesta-por-el-deporte-y-la-naturaleza\/"},"wordCount":888,"commentCount":0,"image":{"@id":"https:\/\/www.villalia.com\/blog\/villalia-j70-spring-series-una-apuesta-por-el-deporte-y-la-naturaleza\/#primaryimage"},"thumbnailUrl":"https:\/\/www.villalia.com\/blog\/wp-content\/uploads\/2022\/03\/220206_J70Vigo_7161.jpg","keywords":["deporte","deporte vigo","regatas","Villalia J70 Spring Series"],"articleSection":["Vela"],"inLanguage":"es","potentialAction":[{"@type":"CommentAction","name":"Comment","target":["https:\/\/www.villalia.com\/blog\/villalia-j70-spring-series-una-apuesta-por-el-deporte-y-la-naturaleza\/#respond"]}]},{"@type":"WebPage","@id":"https:\/\/www.villalia.com\/blog\/villalia-j70-spring-series-una-apuesta-por-el-deporte-y-la-naturaleza\/","url":"https:\/\/www.villalia.com\/blog\/villalia-j70-spring-series-una-apuesta-por-el-deporte-y-la-naturaleza\/","name":"Villalia J70 Spring Series: una apuesta por el deporte y la naturaleza","isPartOf":{"@id":"https:\/\/www.villalia.com\/blog\/#website"},"primaryImageOfPage":{"@id":"https:\/\/www.villalia.com\/blog\/villalia-j70-spring-series-una-apuesta-por-el-deporte-y-la-naturaleza\/#primaryimage"},"image":{"@id":"https:\/\/www.villalia.com\/blog\/villalia-j70-spring-series-una-apuesta-por-el-deporte-y-la-naturaleza\/#primaryimage"},"thumbnailUrl":"https:\/\/www.villalia.com\/blog\/wp-content\/uploads\/2022\/03\/220206_J70Vigo_7161.jpg","datePublished":"2022-03-29T14:22:40+00:00","dateModified":"2022-03-29T14:22:41+00:00","author":{"@id":"https:\/\/www.villalia.com\/blog\/#\/schema\/person\/0973338fbef6aa0be263960c61d6ee06"},"description":"Las J70 Villalia Spring Series se celebran en la R\u00eda de Vigo y concentra a figuras muy reconocidas del mundo de la vela de competici\u00f3n.","breadcrumb":{"@id":"https:\/\/www.villalia.com\/blog\/villalia-j70-spring-series-una-apuesta-por-el-deporte-y-la-naturaleza\/#breadcrumb"},"inLanguage":"es","potentialAction":[{"@type":"ReadAction","target":["https:\/\/www.villalia.com\/blog\/villalia-j70-spring-series-una-apuesta-por-el-deporte-y-la-naturaleza\/"]}]},{"@type":"ImageObject","inLanguage":"es","@id":"https:\/\/www.villalia.com\/blog\/villalia-j70-spring-series-una-apuesta-por-el-deporte-y-la-naturaleza\/#primaryimage","url":"https:\/\/www.villalia.com\/blog\/wp-content\/uploads\/2022\/03\/220206_J70Vigo_7161.jpg","contentUrl":"https:\/\/www.villalia.com\/blog\/wp-content\/uploads\/2022\/03\/220206_J70Vigo_7161.jpg","width":1200,"height":800},{"@type":"BreadcrumbList","@id":"https:\/\/www.villalia.com\/blog\/villalia-j70-spring-series-una-apuesta-por-el-deporte-y-la-naturaleza\/#breadcrumb","itemListElement":[{"@type":"ListItem","position":1,"name":"Home","item":"https:\/\/www.villalia.com\/blog\/"},{"@type":"ListItem","position":2,"name":"Una apuesta por el deporte y la naturaleza en las J70 Villalia Spring Series 21\/22"}]},{"@type":"WebSite","@id":"https:\/\/www.villalia.com\/blog\/#website","url":"https:\/\/www.villalia.com\/blog\/","name":"Blog","description":"Villalia","potentialAction":[{"@type":"SearchAction","target":{"@type":"EntryPoint","urlTemplate":"https:\/\/www.villalia.com\/blog\/?s={search_term_string}"},"query-input":{"@type":"PropertyValueSpecification","valueRequired":true,"valueName":"search_term_string"}}],"inLanguage":"es"},{"@type":"Person","@id":"https:\/\/www.villalia.com\/blog\/#\/schema\/person\/0973338fbef6aa0be263960c61d6ee06","name":"villalia","image":{"@type":"ImageObject","inLanguage":"es","@id":"https:\/\/secure.gravatar.com\/avatar\/0e6e98d7522f64e16962ccb42ec7bba0359898cc4bb80c3e879426f58ecc2fcd?s=96&d=mm&r=g","url":"https:\/\/secure.gravatar.com\/avatar\/0e6e98d7522f64e16962ccb42ec7bba0359898cc4bb80c3e879426f58ecc2fcd?s=96&d=mm&r=g","contentUrl":"https:\/\/secure.gravatar.com\/avatar\/0e6e98d7522f64e16962ccb42ec7bba0359898cc4bb80c3e879426f58ecc2fcd?s=96&d=mm&r=g","caption":"villalia"},"url":"https:\/\/www.villalia.com\/blog\/author\/villalia\/"}]}},"_links":{"self":[{"href":"https:\/\/www.villalia.com\/blog\/wp-json\/wp\/v2\/posts\/11","targetHints":{"allow":["GET"]}}],"collection":[{"href":"https:\/\/www.villalia.com\/blog\/wp-json\/wp\/v2\/posts"}],"about":[{"href":"https:\/\/www.villalia.com\/blog\/wp-json\/wp\/v2\/types\/post"}],"author":[{"embeddable":true,"href":"https:\/\/www.villalia.com\/blog\/wp-json\/wp\/v2\/users\/2"}],"replies":[{"embeddable":true,"href":"https:\/\/www.villalia.com\/blog\/wp-json\/wp\/v2\/comments?post=11"}],"version-history":[{"count":1,"href":"https:\/\/www.villalia.com\/blog\/wp-json\/wp\/v2\/posts\/11\/revisions"}],"predecessor-version":[{"id":14,"href":"https:\/\/www.villalia.com\/blog\/wp-json\/wp\/v2\/posts\/11\/revisions\/14"}],"wp:featuredmedia":[{"embeddable":true,"href":"https:\/\/www.villalia.com\/blog\/wp-json\/wp\/v2\/media\/12"}],"wp:attachment":[{"href":"https:\/\/www.villalia.com\/blog\/wp-json\/wp\/v2\/media?parent=11"}],"wp:term":[{"taxonomy":"category","embeddable":true,"href":"https:\/\/www.villalia.com\/blog\/wp-json\/wp\/v2\/categories?post=11"},{"taxonomy":"post_tag","embeddable":true,"href":"https:\/\/www.villalia.com\/blog\/wp-json\/wp\/v2\/tags?post=11"}],"curies":[{"name":"wp","href":"https:\/\/api.w.org\/{rel}","templated":true}]}}