{"id":1030,"date":"2023-12-27T09:00:00","date_gmt":"2023-12-27T09:00:00","guid":{"rendered":"https:\/\/www.villalia.com\/blog\/?p=1030"},"modified":"2023-12-27T15:14:22","modified_gmt":"2023-12-27T15:14:22","slug":"jabon-galicia","status":"publish","type":"post","link":"https:\/\/www.villalia.com\/blog\/jabon-galicia\/","title":{"rendered":"El Primer Jab\u00f3n de Galicia"},"content":{"rendered":"\t\t<div data-elementor-type=\"wp-post\" data-elementor-id=\"1030\" class=\"elementor elementor-1030\" data-elementor-post-type=\"post\">\n\t\t\t\t\t\t<section class=\"elementor-section elementor-top-section elementor-element elementor-element-1c6413a elementor-section-boxed elementor-section-height-default elementor-section-height-default\" data-id=\"1c6413a\" data-element_type=\"section\" data-e-type=\"section\">\n\t\t\t\t\t\t<div class=\"elementor-container elementor-column-gap-default\">\n\t\t\t\t\t<div class=\"elementor-column elementor-col-100 elementor-top-column elementor-element elementor-element-38a2c5f\" data-id=\"38a2c5f\" data-element_type=\"column\" data-e-type=\"column\">\n\t\t\t<div class=\"elementor-widget-wrap elementor-element-populated\">\n\t\t\t\t\t\t<div class=\"elementor-element elementor-element-b00c8c1 elementor-widget elementor-widget-text-editor\" data-id=\"b00c8c1\" data-element_type=\"widget\" data-e-type=\"widget\" data-widget_type=\"text-editor.default\">\n\t\t\t\t<div class=\"elementor-widget-container\">\n\t\t\t\t\t\t\t\t\t<p><span style=\"font-weight: 400;\">En la regi\u00f3n de Galicia, se encuentra un tesoro ancestral: el primer jab\u00f3n de Galicia. Este producto artesanal, arraigado en la rica historia y tradiciones de la regi\u00f3n, ha perdurado a lo largo de los siglos como un emblema de cuidado personal y cultural. Explora a fondo el legado del primer jab\u00f3n de Galicia, desde sus or\u00edgenes hasta sus beneficios para la piel. \u00a1Sum\u00e9rgete en esta fascinante historia!<\/span><\/p>\t\t\t\t\t\t\t\t<\/div>\n\t\t\t\t<\/div>\n\t\t\t\t\t<\/div>\n\t\t<\/div>\n\t\t\t\t\t<\/div>\n\t\t<\/section>\n\t\t\t\t<section class=\"elementor-section elementor-top-section elementor-element elementor-element-196c791 elementor-section-boxed elementor-section-height-default elementor-section-height-default\" data-id=\"196c791\" data-element_type=\"section\" data-e-type=\"section\">\n\t\t\t\t\t\t<div class=\"elementor-container elementor-column-gap-default\">\n\t\t\t\t\t<div class=\"elementor-column elementor-col-100 elementor-top-column elementor-element elementor-element-163d385\" data-id=\"163d385\" data-element_type=\"column\" data-e-type=\"column\">\n\t\t\t<div class=\"elementor-widget-wrap elementor-element-populated\">\n\t\t\t\t\t\t<div class=\"elementor-element elementor-element-ff40ea8 elementor-widget elementor-widget-heading\" data-id=\"ff40ea8\" data-element_type=\"widget\" data-e-type=\"widget\" data-widget_type=\"heading.default\">\n\t\t\t\t<div class=\"elementor-widget-container\">\n\t\t\t\t\t<h2 class=\"elementor-heading-title elementor-size-default\">Or\u00edgenes del jab\u00f3n de Galicia<\/h2>\t\t\t\t<\/div>\n\t\t\t\t<\/div>\n\t\t\t\t<div class=\"elementor-element elementor-element-8893f6e elementor-widget elementor-widget-text-editor\" data-id=\"8893f6e\" data-element_type=\"widget\" data-e-type=\"widget\" data-widget_type=\"text-editor.default\">\n\t\t\t\t<div class=\"elementor-widget-container\">\n\t\t\t\t\t\t\t\t\t<p><span style=\"font-weight: 400;\">Sus or\u00edgenes se remontan a tiempos ancestrales, cuando las familias gallegas, con ingenio y sabidur\u00eda, crearon este producto artesanal para su higiene y cuidado personal. Se teje entre los hilos de la vida cotidiana de anta\u00f1o, donde la necesidad de mantener la limpieza y el bienestar personal era una prioridad para las comunidades. Los hogares gallegos, con su esp\u00edritu innovador, comenzaron a experimentar con ingredientes locales disponibles en la regi\u00f3n, dando lugar a la creaci\u00f3n de este valioso jab\u00f3n.<\/span><\/p><p><span style=\"font-weight: 400;\">En esos tiempos remotos, la elaboraci\u00f3n del jab\u00f3n era un proceso simple y a la vez complejo. La receta original del jab\u00f3n gallego, transmitida oralmente de generaci\u00f3n en generaci\u00f3n, ha mantenido su esencia y calidad a lo largo de los siglos. Esta f\u00f3rmula, enriquecida por la experiencia y la sabidur\u00eda acumulada, es el tesoro preciado que ha perdurado hasta la actualidad.<\/span><\/p><p><span style=\"font-weight: 400;\">El legado del jab\u00f3n gallego ha trascendido fronteras y ha sido preservado con celo por los artesanos locales, quienes han mantenido viva esta ancestral tradici\u00f3n. A pesar de los avances tecnol\u00f3gicos y los cambios en los h\u00e1bitos de consumo, la esencia del jab\u00f3n gallego se mantiene fiel a sus ra\u00edces, ofreciendo una alternativa natural y de calidad para el cuidado personal.<\/span><\/p>\t\t\t\t\t\t\t\t<\/div>\n\t\t\t\t<\/div>\n\t\t\t\t\t<\/div>\n\t\t<\/div>\n\t\t\t\t\t<\/div>\n\t\t<\/section>\n\t\t\t\t<section class=\"elementor-section elementor-top-section elementor-element elementor-element-dda7a3b elementor-section-boxed elementor-section-height-default elementor-section-height-default\" data-id=\"dda7a3b\" data-element_type=\"section\" data-e-type=\"section\">\n\t\t\t\t\t\t<div class=\"elementor-container elementor-column-gap-default\">\n\t\t\t\t\t<div class=\"elementor-column elementor-col-100 elementor-top-column elementor-element elementor-element-ec2e480\" data-id=\"ec2e480\" data-element_type=\"column\" data-e-type=\"column\" data-settings=\"{&quot;background_background&quot;:&quot;classic&quot;}\">\n\t\t\t<div class=\"elementor-widget-wrap elementor-element-populated\">\n\t\t\t\t\t\t<div class=\"elementor-element elementor-element-cc6e23f elementor--h-position-center elementor--v-position-middle elementor-arrows-position-inside elementor-pagination-position-inside elementor-widget elementor-widget-slides\" data-id=\"cc6e23f\" data-element_type=\"widget\" data-e-type=\"widget\" data-settings=\"{&quot;navigation&quot;:&quot;both&quot;,&quot;autoplay&quot;:&quot;yes&quot;,&quot;pause_on_hover&quot;:&quot;yes&quot;,&quot;pause_on_interaction&quot;:&quot;yes&quot;,&quot;autoplay_speed&quot;:5000,&quot;infinite&quot;:&quot;yes&quot;,&quot;transition&quot;:&quot;slide&quot;,&quot;transition_speed&quot;:500}\" data-widget_type=\"slides.default\">\n\t\t\t\t<div class=\"elementor-widget-container\">\n\t\t\t\t\t\t\t\t\t<div class=\"elementor-swiper\">\n\t\t\t\t\t<div class=\"elementor-slides-wrapper elementor-main-swiper swiper\" role=\"region\" aria-roledescription=\"carousel\" aria-label=\"Diapositivas\" dir=\"ltr\" data-animation=\"fadeInUp\">\n\t\t\t\t<div class=\"swiper-wrapper elementor-slides\">\n\t\t\t\t\t\t\t\t\t\t<div class=\"elementor-repeater-item-41fd3b1 swiper-slide\" role=\"group\" aria-roledescription=\"slide\"><div class=\"swiper-slide-bg\" role=\"img\" aria-label=\"alquiler vacacional en pontevedra - isla de la toja\"><\/div><div class=\"elementor-background-overlay\"><\/div><a class=\"swiper-slide-inner\" href=\"https:\/\/www.villalia.com\/alquiler\/alquileres-isla-de-la-toja-d462390\/\" target=\"_blank\"><div class=\"swiper-slide-contents\"><div class=\"elementor-slide-heading\">VISITA LA TOJA<\/div><div  class=\"elementor-button elementor-slide-button elementor-size-xl\">RESERVAR<\/div><\/div><\/a><\/div>\t\t\t\t<\/div>\n\t\t\t\t\t\t\t<\/div>\n\t\t\t\t<\/div>\n\t\t\t\t\t\t\t\t<\/div>\n\t\t\t\t<\/div>\n\t\t\t\t\t<\/div>\n\t\t<\/div>\n\t\t\t\t\t<\/div>\n\t\t<\/section>\n\t\t\t\t<section class=\"elementor-section elementor-top-section elementor-element elementor-element-639f252 elementor-section-boxed elementor-section-height-default elementor-section-height-default\" data-id=\"639f252\" data-element_type=\"section\" data-e-type=\"section\">\n\t\t\t\t\t\t<div class=\"elementor-container elementor-column-gap-default\">\n\t\t\t\t\t<div class=\"elementor-column elementor-col-100 elementor-top-column elementor-element elementor-element-dbb1e5a\" data-id=\"dbb1e5a\" data-element_type=\"column\" data-e-type=\"column\">\n\t\t\t<div class=\"elementor-widget-wrap elementor-element-populated\">\n\t\t\t\t\t\t<div class=\"elementor-element elementor-element-17decc0 elementor-widget elementor-widget-heading\" data-id=\"17decc0\" data-element_type=\"widget\" data-e-type=\"widget\" data-widget_type=\"heading.default\">\n\t\t\t\t<div class=\"elementor-widget-container\">\n\t\t\t\t\t<h2 class=\"elementor-heading-title elementor-size-default\">Proceso artesanal del jab\u00f3n gallego<\/h2>\t\t\t\t<\/div>\n\t\t\t\t<\/div>\n\t\t\t\t<div class=\"elementor-element elementor-element-4fab0ff elementor-widget elementor-widget-text-editor\" data-id=\"4fab0ff\" data-element_type=\"widget\" data-e-type=\"widget\" data-widget_type=\"text-editor.default\">\n\t\t\t\t<div class=\"elementor-widget-container\">\n\t\t\t\t\t\t\t\t\t<p><span style=\"font-weight: 400;\">El proceso artesanal detr\u00e1s del jab\u00f3n gallego es un viaje fascinante que combina sabidur\u00eda ancestral, dedicaci\u00f3n y un amor inmenso por la tradici\u00f3n. El arte de crear este jab\u00f3n comienza con la selecci\u00f3n de los ingredientes clave: aceite de oliva, sosa c\u00e1ustica y hierbas locales. Estos elementos naturales son la base esencial para un producto de calidad excepcional. Una vez reunidos los ingredientes, comienza el proceso de mezcla. Los artesanos expertos combinan los componentes con maestr\u00eda, cuidando las proporciones exactas para lograr la consistencia y calidad deseadas. Esta fase inicial es crucial, ya que define la base del jab\u00f3n y su efectividad en el cuidado de la piel.<\/span><\/p><p><span style=\"font-weight: 400;\">Tras la mezcla, el jab\u00f3n se vierte en moldes, donde comienza su proceso de reposo y maduraci\u00f3n. Esta etapa es esencial para que el jab\u00f3n adquiera su consistencia final y se intensifiquen sus propiedades beneficiosas. La paciencia es clave aqu\u00ed, ya que el tiempo de maduraci\u00f3n puede llevar semanas o incluso meses. Durante este per\u00edodo, el jab\u00f3n va adquiriendo su forma s\u00f3lida, su aroma distintivo y su textura suave, convirti\u00e9ndose en el producto final que conocemos.<\/span><\/p><p><span style=\"font-weight: 400;\">La meticulosa atenci\u00f3n al detalle no termina aqu\u00ed. Una vez que el jab\u00f3n ha alcanzado su madurez \u00f3ptima, los artesanos proceden a cortarlo y darle forma a cada barra con destreza manual. Este proceso manual asegura la calidad y la singularidad de cada pieza, impregn\u00e1ndola con el cuidado y la dedicaci\u00f3n puestos en su creaci\u00f3n.<\/span><\/p>\t\t\t\t\t\t\t\t<\/div>\n\t\t\t\t<\/div>\n\t\t\t\t\t<\/div>\n\t\t<\/div>\n\t\t\t\t\t<\/div>\n\t\t<\/section>\n\t\t\t\t<section class=\"elementor-section elementor-top-section elementor-element elementor-element-68eb58a elementor-section-boxed elementor-section-height-default elementor-section-height-default\" data-id=\"68eb58a\" data-element_type=\"section\" data-e-type=\"section\">\n\t\t\t\t\t\t<div class=\"elementor-container elementor-column-gap-default\">\n\t\t\t\t\t<div class=\"elementor-column elementor-col-100 elementor-top-column elementor-element elementor-element-de9cae9\" data-id=\"de9cae9\" data-element_type=\"column\" data-e-type=\"column\">\n\t\t\t<div class=\"elementor-widget-wrap elementor-element-populated\">\n\t\t\t\t\t\t<div class=\"elementor-element elementor-element-4b4d8fa elementor-widget elementor-widget-heading\" data-id=\"4b4d8fa\" data-element_type=\"widget\" data-e-type=\"widget\" data-widget_type=\"heading.default\">\n\t\t\t\t<div class=\"elementor-widget-container\">\n\t\t\t\t\t<h2 class=\"elementor-heading-title elementor-size-default\">Ingredientes naturales para el jab\u00f3n de Galicia<\/h2>\t\t\t\t<\/div>\n\t\t\t\t<\/div>\n\t\t\t\t<div class=\"elementor-element elementor-element-b10919a elementor-widget elementor-widget-text-editor\" data-id=\"b10919a\" data-element_type=\"widget\" data-e-type=\"widget\" data-widget_type=\"text-editor.default\">\n\t\t\t\t<div class=\"elementor-widget-container\">\n\t\t\t\t\t\t\t\t\t<p><span style=\"font-weight: 400;\">El jab\u00f3n gallego, tesoro ancestral de la regi\u00f3n de Galicia, se distingue por la utilizaci\u00f3n de ingredientes naturales que le otorgan sus caracter\u00edsticas \u00fanicas y beneficios para la piel. La selecci\u00f3n cuidadosa de estos elementos esenciales es fundamental en la creaci\u00f3n de este jab\u00f3n artesanal, resaltando su compromiso con la naturaleza y la salud d\u00e9rmica.<\/span><\/p><p><span style=\"font-weight: 400;\">El aceite de oliva, uno de los principales componentes del jab\u00f3n gallego, es el coraz\u00f3n que impulsa su excelencia. Extra\u00eddo de los olivares gallegos, este aceite posee propiedades excepcionales que aportan nutrici\u00f3n y suavidad a la piel. Rico en antioxidantes y \u00e1cidos grasos esenciales, el aceite de oliva hidrata profundamente, dejando una sensaci\u00f3n de frescura y vitalidad.<\/span><\/p><p><span style=\"font-weight: 400;\">La sosa c\u00e1ustica, otro ingrediente fundamental, es obtenida mediante la filtraci\u00f3n de cenizas de madera, aportando el componente alcalino necesario para la saponificaci\u00f3n, proceso que convierte los aceites en jab\u00f3n. Esta sosa c\u00e1ustica, empleada con precisi\u00f3n, es esencial para lograr la transformaci\u00f3n qu\u00edmica que da vida al jab\u00f3n gallego, manteniendo suavidad y equilibrio d\u00e9rmico.<\/span><\/p><p><span style=\"font-weight: 400;\">Las hierbas locales a\u00f1aden un toque distintivo al jab\u00f3n, aportando aromas frescos y propiedades adicionales beneficiosas para la piel. Plantas como la lavanda, el romero o la salvia, abundantes en la regi\u00f3n de Galicia, son seleccionadas por sus cualidades terap\u00e9uticas y arom\u00e1ticas, brindando al jab\u00f3n gallego un aroma natural y relajante, adem\u00e1s de propiedades calmantes y antioxidantes.<\/span><\/p><p><span style=\"font-weight: 400;\">La combinaci\u00f3n de estos ingredientes naturales es el secreto detr\u00e1s de la efectividad y singularidad del jab\u00f3n gallego. La sinergia entre el aceite de oliva, la sosa c\u00e1ustica y las hierbas locales no solo limpia la piel, sino que tambi\u00e9n la nutre, revitaliza y protege de manera suave y natural.<\/span><\/p>\t\t\t\t\t\t\t\t<\/div>\n\t\t\t\t<\/div>\n\t\t\t\t\t<\/div>\n\t\t<\/div>\n\t\t\t\t\t<\/div>\n\t\t<\/section>\n\t\t\t\t<section class=\"elementor-section elementor-top-section elementor-element elementor-element-3cae61b elementor-section-boxed elementor-section-height-default elementor-section-height-default\" data-id=\"3cae61b\" data-element_type=\"section\" data-e-type=\"section\">\n\t\t\t\t\t\t<div class=\"elementor-container elementor-column-gap-default\">\n\t\t\t\t\t<div class=\"elementor-column elementor-col-100 elementor-top-column elementor-element elementor-element-9aff6e0\" data-id=\"9aff6e0\" data-element_type=\"column\" data-e-type=\"column\">\n\t\t\t<div class=\"elementor-widget-wrap elementor-element-populated\">\n\t\t\t\t\t\t<div class=\"elementor-element elementor-element-cd51244 elementor-widget elementor-widget-heading\" data-id=\"cd51244\" data-element_type=\"widget\" data-e-type=\"widget\" data-widget_type=\"heading.default\">\n\t\t\t\t<div class=\"elementor-widget-container\">\n\t\t\t\t\t<h2 class=\"elementor-heading-title elementor-size-default\">Beneficios del jab\u00f3n gallego para la piel<\/h2>\t\t\t\t<\/div>\n\t\t\t\t<\/div>\n\t\t\t\t<div class=\"elementor-element elementor-element-d2ffdfa elementor-widget elementor-widget-text-editor\" data-id=\"d2ffdfa\" data-element_type=\"widget\" data-e-type=\"widget\" data-widget_type=\"text-editor.default\">\n\t\t\t\t<div class=\"elementor-widget-container\">\n\t\t\t\t\t\t\t\t\t<p><span style=\"font-weight: 400;\">El jab\u00f3n gallego es reconocido por sus excepcionales beneficios para la piel, ofreciendo una experiencia de cuidado personal \u00fanica y natural. Su composici\u00f3n, basada en ingredientes naturales proporciona una serie de ventajas para aquellos que buscan una piel saludable y radiante. Uno de los principales beneficios del jab\u00f3n gallego es su capacidad para nutrir la piel en profundidad. El aceite de oliva, rico en antioxidantes y \u00e1cidos grasos esenciales, penetra las capas d\u00e9rmicas, proporcionando hidrataci\u00f3n y suavidad duraderas. Este componente natural restaura la humedad de la piel, manteni\u00e9ndola flexible y revitalizada. Adem\u00e1s, es suave y delicado, ideal para pieles sensibles o propensas a irritaciones. Su f\u00f3rmula natural y libre de aditivos agresivos lo convierte en una opci\u00f3n \u00f3ptima para aquellos con problemas d\u00e9rmicos, ayudando a calmar y suavizar la piel sin causar molestias.<\/span><\/p><p><span style=\"font-weight: 400;\">La capacidad antioxidante presentes en el aceite de oliva ayudan a combatir los radicales libres, responsables del envejecimiento prematuro de la piel. El uso regular de este jab\u00f3n ayuda a proteger la piel contra el da\u00f1o oxidativo, promoviendo as\u00ed un cutis m\u00e1s joven y saludable. Adicionalmente, es conocido por su capacidad para mantener el equilibrio natural de la piel. La combinaci\u00f3n equilibrada de ingredientes naturales ayuda a regular la producci\u00f3n de sebo, lo que puede ser beneficioso para personas con piel grasa o propensa a imperfecciones. Asimismo, para quienes tienen piel seca, el jab\u00f3n gallego ofrece una hidrataci\u00f3n profunda sin dejar residuos grasos.<\/span><\/p><p><span style=\"font-weight: 400;\">El uso continuo del jab\u00f3n gallego puede contribuir a mejorar la textura y elasticidad de la piel. Sus propiedades suavizantes y nutritivas ayudan a fortalecer la barrera d\u00e9rmica, promoviendo una piel m\u00e1s tersa y firme. Esta mejora en la textura cut\u00e1nea se refleja en una apariencia m\u00e1s saludable y radiante.<\/span><\/p>\t\t\t\t\t\t\t\t<\/div>\n\t\t\t\t<\/div>\n\t\t\t\t\t<\/div>\n\t\t<\/div>\n\t\t\t\t\t<\/div>\n\t\t<\/section>\n\t\t\t\t<section class=\"elementor-section elementor-top-section elementor-element elementor-element-52d3723 elementor-section-boxed elementor-section-height-default elementor-section-height-default\" data-id=\"52d3723\" data-element_type=\"section\" data-e-type=\"section\">\n\t\t\t\t\t\t<div class=\"elementor-container elementor-column-gap-default\">\n\t\t\t\t\t<div class=\"elementor-column elementor-col-100 elementor-top-column elementor-element elementor-element-963446c\" data-id=\"963446c\" data-element_type=\"column\" data-e-type=\"column\">\n\t\t\t<div class=\"elementor-widget-wrap elementor-element-populated\">\n\t\t\t\t\t\t<div class=\"elementor-element elementor-element-ba26471 elementor-widget elementor-widget-heading\" data-id=\"ba26471\" data-element_type=\"widget\" data-e-type=\"widget\" data-widget_type=\"heading.default\">\n\t\t\t\t<div class=\"elementor-widget-container\">\n\t\t\t\t\t<h2 class=\"elementor-heading-title elementor-size-default\">Uso tradicional y moderno del jab\u00f3n de Galicia<\/h2>\t\t\t\t<\/div>\n\t\t\t\t<\/div>\n\t\t\t\t<div class=\"elementor-element elementor-element-3f0a74a elementor-widget elementor-widget-text-editor\" data-id=\"3f0a74a\" data-element_type=\"widget\" data-e-type=\"widget\" data-widget_type=\"text-editor.default\">\n\t\t\t\t<div class=\"elementor-widget-container\">\n\t\t\t\t\t\t\t\t\t<p><span style=\"font-weight: 400;\">En el contexto tradicional, el jab\u00f3n gallego ha sido un componente esencial en la vida cotidiana de las familias gallegas. Durante generaciones, este jab\u00f3n ha sido utilizado para la higiene personal, la limpieza del hogar y el cuidado de la piel. Su presencia en los hogares gallegos es un testimonio vivo de la conexi\u00f3n entre la cultura local y las pr\u00e1cticas de cuidado personal arraigadas en la tradici\u00f3n.<\/span><\/p><p><span style=\"font-weight: 400;\">La elaboraci\u00f3n artesanal del jab\u00f3n, transmitida de padres a hijos, ha sido parte de la identidad y el patrimonio de Galicia. Los m\u00e9todos tradicionales de fabricaci\u00f3n, que incluyen la meticulosa mezcla de ingredientes naturales y el largo per\u00edodo de maduraci\u00f3n, han sido preservados con amor y respeto por la autenticidad de este producto.<\/span><\/p><p><span style=\"font-weight: 400;\">Sin embargo, el jab\u00f3n gallego tambi\u00e9n ha sabido adaptarse a las demandas y tendencias modernas. En el mundo contempor\u00e1neo, donde la b\u00fasqueda de productos naturales y respetuosos con el medio ambiente es una prioridad, el jab\u00f3n gallego ha encontrado un nuevo espacio. Su calidad y componentes naturales lo han convertido en un elemento valioso en la industria cosm\u00e9tica y de cuidado personal.<\/span><\/p><p><span style=\"font-weight: 400;\">En el \u00e1mbito moderno, el jab\u00f3n gallego se ha convertido en un objeto de deseo para aquellos que buscan productos de cuidado personal de alta calidad y naturales. La demanda creciente de productos sostenibles y respetuosos con el medio ambiente ha llevado al jab\u00f3n gallego a ganar reconocimiento en el mercado actual.<\/span><\/p>\t\t\t\t\t\t\t\t<\/div>\n\t\t\t\t<\/div>\n\t\t\t\t\t<\/div>\n\t\t<\/div>\n\t\t\t\t\t<\/div>\n\t\t<\/section>\n\t\t\t\t<section class=\"elementor-section elementor-top-section elementor-element elementor-element-4fcaf1a elementor-section-boxed elementor-section-height-default elementor-section-height-default\" data-id=\"4fcaf1a\" data-element_type=\"section\" data-e-type=\"section\">\n\t\t\t\t\t\t<div class=\"elementor-container elementor-column-gap-default\">\n\t\t\t\t\t<div class=\"elementor-column elementor-col-100 elementor-top-column elementor-element elementor-element-157f10c\" data-id=\"157f10c\" data-element_type=\"column\" data-e-type=\"column\">\n\t\t\t<div class=\"elementor-widget-wrap elementor-element-populated\">\n\t\t\t\t\t\t<div class=\"elementor-element elementor-element-30dddc2 elementor-widget elementor-widget-text-editor\" data-id=\"30dddc2\" data-element_type=\"widget\" data-e-type=\"widget\" data-widget_type=\"text-editor.default\">\n\t\t\t\t<div class=\"elementor-widget-container\">\n\t\t\t\t\t\t\t\t\t<p><span style=\"font-weight: 400;\">\u00a1Descubre la exquisita Isla de La Toja y sum\u00e9rgete en su encanto! Disfruta de una estancia inolvidable en nuestras <\/span><a href=\"https:\/\/www.villalia.com\/alquiler\/alquileres-isla-de-la-toja-d462390\/\"><span style=\"font-weight: 400;\">viviendas vacacionales<\/span><\/a><span style=\"font-weight: 400;\">. Rodeadas de naturaleza y tranquilidad, te esperan para brindarte confort y relax en este para\u00edso gallego. \u00a1Reserva ahora y vive una experiencia \u00fanica en La Toja!<\/span><\/p>\t\t\t\t\t\t\t\t<\/div>\n\t\t\t\t<\/div>\n\t\t\t\t\t<\/div>\n\t\t<\/div>\n\t\t\t\t\t<\/div>\n\t\t<\/section>\n\t\t\t\t<section class=\"elementor-section elementor-top-section elementor-element elementor-element-667b97a elementor-section-boxed elementor-section-height-default elementor-section-height-default\" data-id=\"667b97a\" data-element_type=\"section\" data-e-type=\"section\">\n\t\t\t\t\t\t<div class=\"elementor-container elementor-column-gap-default\">\n\t\t\t\t\t<div class=\"elementor-column elementor-col-100 elementor-top-column elementor-element elementor-element-6492b64\" data-id=\"6492b64\" data-element_type=\"column\" data-e-type=\"column\">\n\t\t\t<div class=\"elementor-widget-wrap elementor-element-populated\">\n\t\t\t\t\t\t<div class=\"elementor-element elementor-element-c8f2299 elementor-widget elementor-widget-heading\" data-id=\"c8f2299\" data-element_type=\"widget\" data-e-type=\"widget\" data-widget_type=\"heading.default\">\n\t\t\t\t<div class=\"elementor-widget-container\">\n\t\t\t\t\t<h2 class=\"elementor-heading-title elementor-size-default\">DESTINOS DE VILLALIA<\/h2>\t\t\t\t<\/div>\n\t\t\t\t<\/div>\n\t\t\t\t\t<\/div>\n\t\t<\/div>\n\t\t\t\t\t<\/div>\n\t\t<\/section>\n\t\t\t\t<section class=\"elementor-section elementor-top-section elementor-element elementor-element-a0a4192 elementor-section-boxed elementor-section-height-default elementor-section-height-default\" data-id=\"a0a4192\" data-element_type=\"section\" data-e-type=\"section\">\n\t\t\t\t\t\t<div class=\"elementor-container elementor-column-gap-default\">\n\t\t\t\t\t<div class=\"elementor-column elementor-col-100 elementor-top-column elementor-element elementor-element-0fefcca\" data-id=\"0fefcca\" data-element_type=\"column\" data-e-type=\"column\" data-settings=\"{&quot;background_background&quot;:&quot;classic&quot;}\">\n\t\t\t<div class=\"elementor-widget-wrap elementor-element-populated\">\n\t\t\t\t\t\t<div class=\"elementor-element elementor-element-f7a1e0b elementor--h-position-center elementor--v-position-middle elementor-arrows-position-inside elementor-pagination-position-inside elementor-widget elementor-widget-slides\" data-id=\"f7a1e0b\" data-element_type=\"widget\" data-e-type=\"widget\" data-settings=\"{&quot;navigation&quot;:&quot;both&quot;,&quot;autoplay&quot;:&quot;yes&quot;,&quot;pause_on_hover&quot;:&quot;yes&quot;,&quot;pause_on_interaction&quot;:&quot;yes&quot;,&quot;autoplay_speed&quot;:5000,&quot;infinite&quot;:&quot;yes&quot;,&quot;transition&quot;:&quot;slide&quot;,&quot;transition_speed&quot;:500}\" data-widget_type=\"slides.default\">\n\t\t\t\t<div class=\"elementor-widget-container\">\n\t\t\t\t\t\t\t\t\t<div class=\"elementor-swiper\">\n\t\t\t\t\t<div class=\"elementor-slides-wrapper elementor-main-swiper swiper\" role=\"region\" aria-roledescription=\"carousel\" aria-label=\"Diapositivas\" dir=\"ltr\" data-animation=\"fadeInUp\">\n\t\t\t\t<div class=\"swiper-wrapper elementor-slides\">\n\t\t\t\t\t\t\t\t\t\t<div class=\"elementor-repeater-item-41fd3b1 swiper-slide\" role=\"group\" aria-roledescription=\"slide\"><div class=\"swiper-slide-bg\" role=\"img\" aria-label=\"gastronomia y esperiencias en tu alquiler vacacional en Lanzarote\"><\/div><div class=\"elementor-background-overlay\"><\/div><a class=\"swiper-slide-inner\" href=\"https:\/\/www.villalia.com\/\" target=\"_blank\"><div class=\"swiper-slide-contents\"><div  class=\"elementor-button elementor-slide-button elementor-size-xl\">VISITA NUESTROS DESTINOS<\/div><\/div><\/a><\/div>\t\t\t\t<\/div>\n\t\t\t\t\t\t\t<\/div>\n\t\t\t\t<\/div>\n\t\t\t\t\t\t\t\t<\/div>\n\t\t\t\t<\/div>\n\t\t\t\t\t<\/div>\n\t\t<\/div>\n\t\t\t\t\t<\/div>\n\t\t<\/section>\n\t\t\t\t<section class=\"elementor-section elementor-top-section elementor-element elementor-element-0445dca elementor-section-boxed elementor-section-height-default elementor-section-height-default\" data-id=\"0445dca\" data-element_type=\"section\" data-e-type=\"section\">\n\t\t\t\t\t\t<div class=\"elementor-container elementor-column-gap-default\">\n\t\t\t\t\t<div class=\"elementor-column elementor-col-50 elementor-top-column elementor-element elementor-element-4eacbdd\" data-id=\"4eacbdd\" data-element_type=\"column\" data-e-type=\"column\">\n\t\t\t<div class=\"elementor-widget-wrap elementor-element-populated\">\n\t\t\t\t\t\t<div class=\"elementor-element elementor-element-63bf725 elementor-widget elementor-widget-image\" data-id=\"63bf725\" data-element_type=\"widget\" data-e-type=\"widget\" data-widget_type=\"image.default\">\n\t\t\t\t<div class=\"elementor-widget-container\">\n\t\t\t\t\t\t\t\t\t\t\t\t\t\t\t\t<a href=\"https:\/\/www.villalia.com\/contacto\/\">\n\t\t\t\t\t\t\t<img decoding=\"async\" width=\"150\" height=\"50\" src=\"https:\/\/www.villalia.com\/blog\/wp-content\/uploads\/2023\/07\/Avenir-light.png\" class=\"attachment-large size-large wp-image-743\" alt=\"icono contacto villalia\" \/>\t\t\t\t\t\t\t\t<\/a>\n\t\t\t\t\t\t\t\t\t\t\t\t\t\t\t<\/div>\n\t\t\t\t<\/div>\n\t\t\t\t\t<\/div>\n\t\t<\/div>\n\t\t\t\t<div class=\"elementor-column elementor-col-50 elementor-top-column elementor-element elementor-element-9fdb9b6\" data-id=\"9fdb9b6\" data-element_type=\"column\" data-e-type=\"column\">\n\t\t\t<div class=\"elementor-widget-wrap elementor-element-populated\">\n\t\t\t\t\t\t<div class=\"elementor-element elementor-element-921258d elementor-share-buttons--view-icon elementor-share-buttons--shape-circle elementor-share-buttons--skin-gradient elementor-grid-0 elementor-share-buttons--color-official elementor-widget elementor-widget-share-buttons\" data-id=\"921258d\" data-element_type=\"widget\" data-e-type=\"widget\" data-widget_type=\"share-buttons.default\">\n\t\t\t\t<div class=\"elementor-widget-container\">\n\t\t\t\t\t\t\t<div class=\"elementor-grid\" role=\"list\">\n\t\t\t\t\t\t\t\t<div class=\"elementor-grid-item\" role=\"listitem\">\n\t\t\t\t\t\t<div class=\"elementor-share-btn elementor-share-btn_facebook\" role=\"button\" tabindex=\"0\" aria-label=\"Compartir en facebook\">\n\t\t\t\t\t\t\t\t\t\t\t\t\t\t\t<span class=\"elementor-share-btn__icon\">\n\t\t\t\t\t\t\t\t<i class=\"fab fa-facebook\" aria-hidden=\"true\"><\/i>\t\t\t\t\t\t\t<\/span>\n\t\t\t\t\t\t\t\t\t\t\t\t\t\t\t\t\t\t\t\t<\/div>\n\t\t\t\t\t<\/div>\n\t\t\t\t\t\t\t\t\t<div class=\"elementor-grid-item\" role=\"listitem\">\n\t\t\t\t\t\t<div class=\"elementor-share-btn elementor-share-btn_twitter\" role=\"button\" tabindex=\"0\" aria-label=\"Compartir en twitter\">\n\t\t\t\t\t\t\t\t\t\t\t\t\t\t\t<span class=\"elementor-share-btn__icon\">\n\t\t\t\t\t\t\t\t<i class=\"fab fa-twitter\" aria-hidden=\"true\"><\/i>\t\t\t\t\t\t\t<\/span>\n\t\t\t\t\t\t\t\t\t\t\t\t\t\t\t\t\t\t\t\t<\/div>\n\t\t\t\t\t<\/div>\n\t\t\t\t\t\t\t\t\t<div class=\"elementor-grid-item\" role=\"listitem\">\n\t\t\t\t\t\t<div class=\"elementor-share-btn elementor-share-btn_linkedin\" role=\"button\" tabindex=\"0\" aria-label=\"Compartir en linkedin\">\n\t\t\t\t\t\t\t\t\t\t\t\t\t\t\t<span class=\"elementor-share-btn__icon\">\n\t\t\t\t\t\t\t\t<i class=\"fab fa-linkedin\" aria-hidden=\"true\"><\/i>\t\t\t\t\t\t\t<\/span>\n\t\t\t\t\t\t\t\t\t\t\t\t\t\t\t\t\t\t\t\t<\/div>\n\t\t\t\t\t<\/div>\n\t\t\t\t\t\t\t\t\t<div class=\"elementor-grid-item\" role=\"listitem\">\n\t\t\t\t\t\t<div class=\"elementor-share-btn elementor-share-btn_whatsapp\" role=\"button\" tabindex=\"0\" aria-label=\"Compartir en whatsapp\">\n\t\t\t\t\t\t\t\t\t\t\t\t\t\t\t<span class=\"elementor-share-btn__icon\">\n\t\t\t\t\t\t\t\t<i class=\"fab fa-whatsapp\" aria-hidden=\"true\"><\/i>\t\t\t\t\t\t\t<\/span>\n\t\t\t\t\t\t\t\t\t\t\t\t\t\t\t\t\t\t\t\t<\/div>\n\t\t\t\t\t<\/div>\n\t\t\t\t\t\t\t\t\t<div class=\"elementor-grid-item\" role=\"listitem\">\n\t\t\t\t\t\t<div class=\"elementor-share-btn elementor-share-btn_email\" role=\"button\" tabindex=\"0\" aria-label=\"Compartir en email\">\n\t\t\t\t\t\t\t\t\t\t\t\t\t\t\t<span class=\"elementor-share-btn__icon\">\n\t\t\t\t\t\t\t\t<i class=\"fas fa-envelope\" aria-hidden=\"true\"><\/i>\t\t\t\t\t\t\t<\/span>\n\t\t\t\t\t\t\t\t\t\t\t\t\t\t\t\t\t\t\t\t<\/div>\n\t\t\t\t\t<\/div>\n\t\t\t\t\t\t<\/div>\n\t\t\t\t\t\t<\/div>\n\t\t\t\t<\/div>\n\t\t\t\t\t<\/div>\n\t\t<\/div>\n\t\t\t\t\t<\/div>\n\t\t<\/section>\n\t\t\t\t<\/div>\n\t\t","protected":false},"excerpt":{"rendered":"<p>En la regi\u00f3n de Galicia, se encuentra un tesoro ancestral: el primer jab\u00f3n de Galicia. Este producto artesanal, arraigado en&#8230;<\/p>\n","protected":false},"author":2,"featured_media":1031,"comment_status":"closed","ping_status":"open","sticky":false,"template":"","format":"standard","meta":{"footnotes":""},"categories":[35,32],"tags":[],"class_list":["post-1030","post","type-post","status-publish","format-standard","has-post-thumbnail","hentry","category-galicia","category-la-toja-turismo"],"yoast_head":"<!-- This site is optimized with the Yoast SEO plugin v27.5 - https:\/\/yoast.com\/product\/yoast-seo-wordpress\/ -->\n<title>El Primer jab\u00f3n de Galicia<\/title>\n<meta name=\"description\" content=\"Este producto artesanal, arraigado en la rica historia y tradiciones de la regi\u00f3n, ha perdurado a lo largo de los siglos como un emblema de cuidado personal y cultural.\" \/>\n<meta name=\"robots\" content=\"index, follow, max-snippet:-1, max-image-preview:large, max-video-preview:-1\" \/>\n<link rel=\"canonical\" href=\"https:\/\/www.villalia.com\/blog\/jabon-galicia\/\" \/>\n<meta property=\"og:locale\" content=\"es_ES\" \/>\n<meta property=\"og:type\" content=\"article\" \/>\n<meta property=\"og:title\" content=\"El Primer jab\u00f3n de Galicia\" \/>\n<meta property=\"og:description\" content=\"Este producto artesanal, arraigado en la rica historia y tradiciones de la regi\u00f3n, ha perdurado a lo largo de los siglos como un emblema de cuidado personal y cultural.\" \/>\n<meta property=\"og:url\" content=\"https:\/\/www.villalia.com\/blog\/jabon-galicia\/\" \/>\n<meta property=\"og:site_name\" content=\"Blog\" \/>\n<meta property=\"article:published_time\" content=\"2023-12-27T09:00:00+00:00\" \/>\n<meta property=\"article:modified_time\" content=\"2023-12-27T15:14:22+00:00\" \/>\n<meta property=\"og:image\" content=\"https:\/\/www.villalia.com\/blog\/wp-content\/uploads\/2023\/12\/EL-PRIMER-JABON-DE-GALICIA.png\" \/>\n\t<meta property=\"og:image:width\" content=\"1200\" \/>\n\t<meta property=\"og:image:height\" content=\"628\" \/>\n\t<meta property=\"og:image:type\" content=\"image\/png\" \/>\n<meta name=\"author\" content=\"villalia\" \/>\n<meta name=\"twitter:card\" content=\"summary_large_image\" \/>\n<meta name=\"twitter:label1\" content=\"Escrito por\" \/>\n\t<meta name=\"twitter:data1\" content=\"villalia\" \/>\n\t<meta name=\"twitter:label2\" content=\"Tiempo de lectura\" \/>\n\t<meta name=\"twitter:data2\" content=\"8 minutos\" \/>\n<script type=\"application\/ld+json\" class=\"yoast-schema-graph\">{\"@context\":\"https:\\\/\\\/schema.org\",\"@graph\":[{\"@type\":\"Article\",\"@id\":\"https:\\\/\\\/www.villalia.com\\\/blog\\\/jabon-galicia\\\/#article\",\"isPartOf\":{\"@id\":\"https:\\\/\\\/www.villalia.com\\\/blog\\\/jabon-galicia\\\/\"},\"author\":{\"name\":\"villalia\",\"@id\":\"https:\\\/\\\/www.villalia.com\\\/blog\\\/#\\\/schema\\\/person\\\/0973338fbef6aa0be263960c61d6ee06\"},\"headline\":\"El Primer Jab\u00f3n de Galicia\",\"datePublished\":\"2023-12-27T09:00:00+00:00\",\"dateModified\":\"2023-12-27T15:14:22+00:00\",\"mainEntityOfPage\":{\"@id\":\"https:\\\/\\\/www.villalia.com\\\/blog\\\/jabon-galicia\\\/\"},\"wordCount\":1529,\"image\":{\"@id\":\"https:\\\/\\\/www.villalia.com\\\/blog\\\/jabon-galicia\\\/#primaryimage\"},\"thumbnailUrl\":\"https:\\\/\\\/www.villalia.com\\\/blog\\\/wp-content\\\/uploads\\\/2023\\\/12\\\/EL-PRIMER-JABON-DE-GALICIA.png\",\"articleSection\":[\"Galicia\",\"La Toja\"],\"inLanguage\":\"es\"},{\"@type\":\"WebPage\",\"@id\":\"https:\\\/\\\/www.villalia.com\\\/blog\\\/jabon-galicia\\\/\",\"url\":\"https:\\\/\\\/www.villalia.com\\\/blog\\\/jabon-galicia\\\/\",\"name\":\"El Primer jab\u00f3n de Galicia\",\"isPartOf\":{\"@id\":\"https:\\\/\\\/www.villalia.com\\\/blog\\\/#website\"},\"primaryImageOfPage\":{\"@id\":\"https:\\\/\\\/www.villalia.com\\\/blog\\\/jabon-galicia\\\/#primaryimage\"},\"image\":{\"@id\":\"https:\\\/\\\/www.villalia.com\\\/blog\\\/jabon-galicia\\\/#primaryimage\"},\"thumbnailUrl\":\"https:\\\/\\\/www.villalia.com\\\/blog\\\/wp-content\\\/uploads\\\/2023\\\/12\\\/EL-PRIMER-JABON-DE-GALICIA.png\",\"datePublished\":\"2023-12-27T09:00:00+00:00\",\"dateModified\":\"2023-12-27T15:14:22+00:00\",\"author\":{\"@id\":\"https:\\\/\\\/www.villalia.com\\\/blog\\\/#\\\/schema\\\/person\\\/0973338fbef6aa0be263960c61d6ee06\"},\"description\":\"Este producto artesanal, arraigado en la rica historia y tradiciones de la regi\u00f3n, ha perdurado a lo largo de los siglos como un emblema de cuidado personal y cultural.\",\"breadcrumb\":{\"@id\":\"https:\\\/\\\/www.villalia.com\\\/blog\\\/jabon-galicia\\\/#breadcrumb\"},\"inLanguage\":\"es\",\"potentialAction\":[{\"@type\":\"ReadAction\",\"target\":[\"https:\\\/\\\/www.villalia.com\\\/blog\\\/jabon-galicia\\\/\"]}]},{\"@type\":\"ImageObject\",\"inLanguage\":\"es\",\"@id\":\"https:\\\/\\\/www.villalia.com\\\/blog\\\/jabon-galicia\\\/#primaryimage\",\"url\":\"https:\\\/\\\/www.villalia.com\\\/blog\\\/wp-content\\\/uploads\\\/2023\\\/12\\\/EL-PRIMER-JABON-DE-GALICIA.png\",\"contentUrl\":\"https:\\\/\\\/www.villalia.com\\\/blog\\\/wp-content\\\/uploads\\\/2023\\\/12\\\/EL-PRIMER-JABON-DE-GALICIA.png\",\"width\":1200,\"height\":628,\"caption\":\"El Primer Jab\u00f3n de Galicia\"},{\"@type\":\"BreadcrumbList\",\"@id\":\"https:\\\/\\\/www.villalia.com\\\/blog\\\/jabon-galicia\\\/#breadcrumb\",\"itemListElement\":[{\"@type\":\"ListItem\",\"position\":1,\"name\":\"Home\",\"item\":\"https:\\\/\\\/www.villalia.com\\\/blog\\\/\"},{\"@type\":\"ListItem\",\"position\":2,\"name\":\"El Primer Jab\u00f3n de Galicia\"}]},{\"@type\":\"WebSite\",\"@id\":\"https:\\\/\\\/www.villalia.com\\\/blog\\\/#website\",\"url\":\"https:\\\/\\\/www.villalia.com\\\/blog\\\/\",\"name\":\"Blog\",\"description\":\"Villalia\",\"potentialAction\":[{\"@type\":\"SearchAction\",\"target\":{\"@type\":\"EntryPoint\",\"urlTemplate\":\"https:\\\/\\\/www.villalia.com\\\/blog\\\/?s={search_term_string}\"},\"query-input\":{\"@type\":\"PropertyValueSpecification\",\"valueRequired\":true,\"valueName\":\"search_term_string\"}}],\"inLanguage\":\"es\"},{\"@type\":\"Person\",\"@id\":\"https:\\\/\\\/www.villalia.com\\\/blog\\\/#\\\/schema\\\/person\\\/0973338fbef6aa0be263960c61d6ee06\",\"name\":\"villalia\",\"image\":{\"@type\":\"ImageObject\",\"inLanguage\":\"es\",\"@id\":\"https:\\\/\\\/secure.gravatar.com\\\/avatar\\\/0e6e98d7522f64e16962ccb42ec7bba0359898cc4bb80c3e879426f58ecc2fcd?s=96&d=mm&r=g\",\"url\":\"https:\\\/\\\/secure.gravatar.com\\\/avatar\\\/0e6e98d7522f64e16962ccb42ec7bba0359898cc4bb80c3e879426f58ecc2fcd?s=96&d=mm&r=g\",\"contentUrl\":\"https:\\\/\\\/secure.gravatar.com\\\/avatar\\\/0e6e98d7522f64e16962ccb42ec7bba0359898cc4bb80c3e879426f58ecc2fcd?s=96&d=mm&r=g\",\"caption\":\"villalia\"},\"url\":\"https:\\\/\\\/www.villalia.com\\\/blog\\\/author\\\/villalia\\\/\"}]}<\/script>\n<!-- \/ Yoast SEO plugin. -->","yoast_head_json":{"title":"El Primer jab\u00f3n de Galicia","description":"Este producto artesanal, arraigado en la rica historia y tradiciones de la regi\u00f3n, ha perdurado a lo largo de los siglos como un emblema de cuidado personal y cultural.","robots":{"index":"index","follow":"follow","max-snippet":"max-snippet:-1","max-image-preview":"max-image-preview:large","max-video-preview":"max-video-preview:-1"},"canonical":"https:\/\/www.villalia.com\/blog\/jabon-galicia\/","og_locale":"es_ES","og_type":"article","og_title":"El Primer jab\u00f3n de Galicia","og_description":"Este producto artesanal, arraigado en la rica historia y tradiciones de la regi\u00f3n, ha perdurado a lo largo de los siglos como un emblema de cuidado personal y cultural.","og_url":"https:\/\/www.villalia.com\/blog\/jabon-galicia\/","og_site_name":"Blog","article_published_time":"2023-12-27T09:00:00+00:00","article_modified_time":"2023-12-27T15:14:22+00:00","og_image":[{"width":1200,"height":628,"url":"https:\/\/www.villalia.com\/blog\/wp-content\/uploads\/2023\/12\/EL-PRIMER-JABON-DE-GALICIA.png","type":"image\/png"}],"author":"villalia","twitter_card":"summary_large_image","twitter_misc":{"Escrito por":"villalia","Tiempo de lectura":"8 minutos"},"schema":{"@context":"https:\/\/schema.org","@graph":[{"@type":"Article","@id":"https:\/\/www.villalia.com\/blog\/jabon-galicia\/#article","isPartOf":{"@id":"https:\/\/www.villalia.com\/blog\/jabon-galicia\/"},"author":{"name":"villalia","@id":"https:\/\/www.villalia.com\/blog\/#\/schema\/person\/0973338fbef6aa0be263960c61d6ee06"},"headline":"El Primer Jab\u00f3n de Galicia","datePublished":"2023-12-27T09:00:00+00:00","dateModified":"2023-12-27T15:14:22+00:00","mainEntityOfPage":{"@id":"https:\/\/www.villalia.com\/blog\/jabon-galicia\/"},"wordCount":1529,"image":{"@id":"https:\/\/www.villalia.com\/blog\/jabon-galicia\/#primaryimage"},"thumbnailUrl":"https:\/\/www.villalia.com\/blog\/wp-content\/uploads\/2023\/12\/EL-PRIMER-JABON-DE-GALICIA.png","articleSection":["Galicia","La Toja"],"inLanguage":"es"},{"@type":"WebPage","@id":"https:\/\/www.villalia.com\/blog\/jabon-galicia\/","url":"https:\/\/www.villalia.com\/blog\/jabon-galicia\/","name":"El Primer jab\u00f3n de Galicia","isPartOf":{"@id":"https:\/\/www.villalia.com\/blog\/#website"},"primaryImageOfPage":{"@id":"https:\/\/www.villalia.com\/blog\/jabon-galicia\/#primaryimage"},"image":{"@id":"https:\/\/www.villalia.com\/blog\/jabon-galicia\/#primaryimage"},"thumbnailUrl":"https:\/\/www.villalia.com\/blog\/wp-content\/uploads\/2023\/12\/EL-PRIMER-JABON-DE-GALICIA.png","datePublished":"2023-12-27T09:00:00+00:00","dateModified":"2023-12-27T15:14:22+00:00","author":{"@id":"https:\/\/www.villalia.com\/blog\/#\/schema\/person\/0973338fbef6aa0be263960c61d6ee06"},"description":"Este producto artesanal, arraigado en la rica historia y tradiciones de la regi\u00f3n, ha perdurado a lo largo de los siglos como un emblema de cuidado personal y cultural.","breadcrumb":{"@id":"https:\/\/www.villalia.com\/blog\/jabon-galicia\/#breadcrumb"},"inLanguage":"es","potentialAction":[{"@type":"ReadAction","target":["https:\/\/www.villalia.com\/blog\/jabon-galicia\/"]}]},{"@type":"ImageObject","inLanguage":"es","@id":"https:\/\/www.villalia.com\/blog\/jabon-galicia\/#primaryimage","url":"https:\/\/www.villalia.com\/blog\/wp-content\/uploads\/2023\/12\/EL-PRIMER-JABON-DE-GALICIA.png","contentUrl":"https:\/\/www.villalia.com\/blog\/wp-content\/uploads\/2023\/12\/EL-PRIMER-JABON-DE-GALICIA.png","width":1200,"height":628,"caption":"El Primer Jab\u00f3n de Galicia"},{"@type":"BreadcrumbList","@id":"https:\/\/www.villalia.com\/blog\/jabon-galicia\/#breadcrumb","itemListElement":[{"@type":"ListItem","position":1,"name":"Home","item":"https:\/\/www.villalia.com\/blog\/"},{"@type":"ListItem","position":2,"name":"El Primer Jab\u00f3n de Galicia"}]},{"@type":"WebSite","@id":"https:\/\/www.villalia.com\/blog\/#website","url":"https:\/\/www.villalia.com\/blog\/","name":"Blog","description":"Villalia","potentialAction":[{"@type":"SearchAction","target":{"@type":"EntryPoint","urlTemplate":"https:\/\/www.villalia.com\/blog\/?s={search_term_string}"},"query-input":{"@type":"PropertyValueSpecification","valueRequired":true,"valueName":"search_term_string"}}],"inLanguage":"es"},{"@type":"Person","@id":"https:\/\/www.villalia.com\/blog\/#\/schema\/person\/0973338fbef6aa0be263960c61d6ee06","name":"villalia","image":{"@type":"ImageObject","inLanguage":"es","@id":"https:\/\/secure.gravatar.com\/avatar\/0e6e98d7522f64e16962ccb42ec7bba0359898cc4bb80c3e879426f58ecc2fcd?s=96&d=mm&r=g","url":"https:\/\/secure.gravatar.com\/avatar\/0e6e98d7522f64e16962ccb42ec7bba0359898cc4bb80c3e879426f58ecc2fcd?s=96&d=mm&r=g","contentUrl":"https:\/\/secure.gravatar.com\/avatar\/0e6e98d7522f64e16962ccb42ec7bba0359898cc4bb80c3e879426f58ecc2fcd?s=96&d=mm&r=g","caption":"villalia"},"url":"https:\/\/www.villalia.com\/blog\/author\/villalia\/"}]}},"_links":{"self":[{"href":"https:\/\/www.villalia.com\/blog\/wp-json\/wp\/v2\/posts\/1030","targetHints":{"allow":["GET"]}}],"collection":[{"href":"https:\/\/www.villalia.com\/blog\/wp-json\/wp\/v2\/posts"}],"about":[{"href":"https:\/\/www.villalia.com\/blog\/wp-json\/wp\/v2\/types\/post"}],"author":[{"embeddable":true,"href":"https:\/\/www.villalia.com\/blog\/wp-json\/wp\/v2\/users\/2"}],"replies":[{"embeddable":true,"href":"https:\/\/www.villalia.com\/blog\/wp-json\/wp\/v2\/comments?post=1030"}],"version-history":[{"count":32,"href":"https:\/\/www.villalia.com\/blog\/wp-json\/wp\/v2\/posts\/1030\/revisions"}],"predecessor-version":[{"id":1069,"href":"https:\/\/www.villalia.com\/blog\/wp-json\/wp\/v2\/posts\/1030\/revisions\/1069"}],"wp:featuredmedia":[{"embeddable":true,"href":"https:\/\/www.villalia.com\/blog\/wp-json\/wp\/v2\/media\/1031"}],"wp:attachment":[{"href":"https:\/\/www.villalia.com\/blog\/wp-json\/wp\/v2\/media?parent=1030"}],"wp:term":[{"taxonomy":"category","embeddable":true,"href":"https:\/\/www.villalia.com\/blog\/wp-json\/wp\/v2\/categories?post=1030"},{"taxonomy":"post_tag","embeddable":true,"href":"https:\/\/www.villalia.com\/blog\/wp-json\/wp\/v2\/tags?post=1030"}],"curies":[{"name":"wp","href":"https:\/\/api.w.org\/{rel}","templated":true}]}}